{"id":9389,"date":"2025-03-05T10:37:04","date_gmt":"2025-03-05T10:37:04","guid":{"rendered":"https:\/\/www.zelazkow.pl\/?p=9389"},"modified":"2025-03-05T10:38:30","modified_gmt":"2025-03-05T10:38:30","slug":"spotkania-informacyjne-dotyczace-rejestracji-kgw-w-krajowym-rejestrze-kol-gospodyn-wiejskich","status":"publish","type":"post","link":"https:\/\/www.zelazkow.pl\/?p=9389","title":{"rendered":"Spotkania informacyjne dotycz\u0105ce rejestracji KGW w Krajowym Rejestrze K\u00f3\u0142 Gospody\u0144 Wiejskich"},"content":{"rendered":"\t\t<div data-elementor-type=\"wp-post\" data-elementor-id=\"9389\" class=\"elementor elementor-9389\">\n\t\t\t\t\t\t\t\t\t<section class=\"elementor-section elementor-top-section elementor-element elementor-element-444d3f7d elementor-section-boxed elementor-section-height-default elementor-section-height-default\" data-id=\"444d3f7d\" data-element_type=\"section\" data-settings=\"{&quot;jet_parallax_layout_list&quot;:[]}\">\n\t\t\t\t\t\t<div class=\"elementor-container elementor-column-gap-default\">\n\t\t\t\t\t<div class=\"elementor-column elementor-col-100 elementor-top-column elementor-element elementor-element-61bd7da2\" data-id=\"61bd7da2\" data-element_type=\"column\">\n\t\t\t<div class=\"elementor-widget-wrap elementor-element-populated\">\n\t\t\t\t\t\t\t\t<div class=\"elementor-element elementor-element-27d3cc20 elementor-widget elementor-widget-text-editor\" data-id=\"27d3cc20\" data-element_type=\"widget\" data-widget_type=\"text-editor.default\">\n\t\t\t\t<div class=\"elementor-widget-container\">\n\t\t\t<style>\/*! elementor - v3.18.0 - 20-12-2023 *\/\n.elementor-widget-text-editor.elementor-drop-cap-view-stacked .elementor-drop-cap{background-color:#69727d;color:#fff}.elementor-widget-text-editor.elementor-drop-cap-view-framed .elementor-drop-cap{color:#69727d;border:3px solid;background-color:transparent}.elementor-widget-text-editor:not(.elementor-drop-cap-view-default) .elementor-drop-cap{margin-top:8px}.elementor-widget-text-editor:not(.elementor-drop-cap-view-default) .elementor-drop-cap-letter{width:1em;height:1em}.elementor-widget-text-editor .elementor-drop-cap{float:left;text-align:center;line-height:1;font-size:50px}.elementor-widget-text-editor .elementor-drop-cap-letter{display:inline-block}<\/style>\t\t\t\t<span data-surface-wrapper=\"1\" data-surface=\"\/bizweb:content_calendar\"><span class=\"x193iq5w xeuugli x13faqbe x1vvkbs x1xmvt09 x1lliihq x1s928wv xhkezso x1gmr53x x1cpjm7i x1fgarty x1943h6x xudqn12 x3x7a5m x6prxxf xvq8zen xo1l8bm xzsf02u x1yc453h\" dir=\"auto\">Wielkopolski O\u015brodek Doradztwa Rolniczego w Poznaniu wraz z Wielkopolskim Samorz\u0105dowym Centrum Rozwoju Wsi w Sielinku serdecznie zapraszaj\u0105 na spotkania informacyjne dotycz\u0105ce rejestracji K\u00f3\u0142 Gospody\u0144 Wiejskich w Krajowym Rejestrze K\u00f3\u0142 Gospody\u0144 Wiejskich prowadzonym przez Agencj\u0119 Restrukturyzacji i Modernizacji Rolnictwa.<\/span><\/span>\t\t\t\t\t\t<\/div>\n\t\t\t\t<\/div>\n\t\t\t\t\t<\/div>\n\t\t<\/div>\n\t\t\t\t\t\t\t<\/div>\n\t\t<\/section>\n\t\t\t\t<section class=\"elementor-section elementor-top-section elementor-element elementor-element-06e987c elementor-section-boxed elementor-section-height-default elementor-section-height-default\" data-id=\"06e987c\" data-element_type=\"section\" data-settings=\"{&quot;jet_parallax_layout_list&quot;:[]}\">\n\t\t\t\t\t\t<div class=\"elementor-container elementor-column-gap-default\">\n\t\t\t\t\t<div class=\"elementor-column elementor-col-100 elementor-top-column elementor-element elementor-element-b4d174b\" data-id=\"b4d174b\" data-element_type=\"column\">\n\t\t\t<div class=\"elementor-widget-wrap elementor-element-populated\">\n\t\t\t\t\t\t\t\t<div class=\"elementor-element elementor-element-7cec2cc elementor-widget elementor-widget-image\" data-id=\"7cec2cc\" data-element_type=\"widget\" data-widget_type=\"image.default\">\n\t\t\t\t<div class=\"elementor-widget-container\">\n\t\t\t<style>\/*! elementor - v3.18.0 - 20-12-2023 *\/\n.elementor-widget-image{text-align:center}.elementor-widget-image a{display:inline-block}.elementor-widget-image a img[src$=\".svg\"]{width:48px}.elementor-widget-image img{vertical-align:middle;display:inline-block}<\/style>\t\t\t\t\t\t\t\t\t\t\t\t<img fetchpriority=\"high\" decoding=\"async\" width=\"725\" height=\"1024\" src=\"https:\/\/www.zelazkow.pl\/wp-content\/uploads\/2025\/03\/plakat-KGW_page-0001-725x1024.jpg\" class=\"attachment-large size-large wp-image-9390\" alt=\"\" srcset=\"https:\/\/www.zelazkow.pl\/wp-content\/uploads\/2025\/03\/plakat-KGW_page-0001-725x1024.jpg 725w, https:\/\/www.zelazkow.pl\/wp-content\/uploads\/2025\/03\/plakat-KGW_page-0001-212x300.jpg 212w, https:\/\/www.zelazkow.pl\/wp-content\/uploads\/2025\/03\/plakat-KGW_page-0001-768x1085.jpg 768w, https:\/\/www.zelazkow.pl\/wp-content\/uploads\/2025\/03\/plakat-KGW_page-0001-1087x1536.jpg 1087w, https:\/\/www.zelazkow.pl\/wp-content\/uploads\/2025\/03\/plakat-KGW_page-0001.jpg 1241w\" sizes=\"(max-width: 725px) 100vw, 725px\" \/>\t\t\t\t\t\t\t\t\t\t\t\t\t\t\t<\/div>\n\t\t\t\t<\/div>\n\t\t\t\t\t<\/div>\n\t\t<\/div>\n\t\t\t\t\t\t\t<\/div>\n\t\t<\/section>\n\t\t\t\t\t\t\t<\/div>\n\t\t","protected":false},"excerpt":{"rendered":"<p>Wielkopolski O\u015brodek Doradztwa Rolniczego w Poznaniu wraz z Wielkopolskim Samorz\u0105dowym Centrum Rozwoju Wsi w Sielinku serdecznie zapraszaj\u0105 na spotkania informacyjne dotycz\u0105ce rejestracji K\u00f3\u0142 Gospody\u0144 Wiejskich w Krajowym Rejestrze K\u00f3\u0142 Gospody\u0144 Wiejskich prowadzonym przez Agencj\u0119 Restrukturyzacji i Modernizacji Rolnictwa.<\/p>\n","protected":false},"author":9,"featured_media":8603,"comment_status":"closed","ping_status":"closed","sticky":false,"template":"","format":"standard","meta":{"footnotes":""},"categories":[23,25],"tags":[],"post_folder":[],"_links":{"self":[{"href":"https:\/\/www.zelazkow.pl\/index.php?rest_route=\/wp\/v2\/posts\/9389"}],"collection":[{"href":"https:\/\/www.zelazkow.pl\/index.php?rest_route=\/wp\/v2\/posts"}],"about":[{"href":"https:\/\/www.zelazkow.pl\/index.php?rest_route=\/wp\/v2\/types\/post"}],"author":[{"embeddable":true,"href":"https:\/\/www.zelazkow.pl\/index.php?rest_route=\/wp\/v2\/users\/9"}],"replies":[{"embeddable":true,"href":"https:\/\/www.zelazkow.pl\/index.php?rest_route=%2Fwp%2Fv2%2Fcomments&post=9389"}],"version-history":[{"count":4,"href":"https:\/\/www.zelazkow.pl\/index.php?rest_route=\/wp\/v2\/posts\/9389\/revisions"}],"predecessor-version":[{"id":9394,"href":"https:\/\/www.zelazkow.pl\/index.php?rest_route=\/wp\/v2\/posts\/9389\/revisions\/9394"}],"wp:featuredmedia":[{"embeddable":true,"href":"https:\/\/www.zelazkow.pl\/index.php?rest_route=\/wp\/v2\/media\/8603"}],"wp:attachment":[{"href":"https:\/\/www.zelazkow.pl\/index.php?rest_route=%2Fwp%2Fv2%2Fmedia&parent=9389"}],"wp:term":[{"taxonomy":"category","embeddable":true,"href":"https:\/\/www.zelazkow.pl\/index.php?rest_route=%2Fwp%2Fv2%2Fcategories&post=9389"},{"taxonomy":"post_tag","embeddable":true,"href":"https:\/\/www.zelazkow.pl\/index.php?rest_route=%2Fwp%2Fv2%2Ftags&post=9389"},{"taxonomy":"post_folder","embeddable":true,"href":"https:\/\/www.zelazkow.pl\/index.php?rest_route=%2Fwp%2Fv2%2Fpost_folder&post=9389"}],"curies":[{"name":"wp","href":"https:\/\/api.w.org\/{rel}","templated":true}]}}