{"id":8008,"date":"2024-05-21T09:27:00","date_gmt":"2024-05-21T09:27:00","guid":{"rendered":"https:\/\/www.zelazkow.pl\/?p=8008"},"modified":"2024-05-21T09:27:00","modified_gmt":"2024-05-21T09:27:00","slug":"informacja-o-ii-sesji-rady-gminy-zelazkow-ix-kadencji","status":"publish","type":"post","link":"https:\/\/www.zelazkow.pl\/?p=8008","title":{"rendered":"Informacja o II sesji Rady Gminy \u017belazk\u00f3w IX kadencji"},"content":{"rendered":"<div class=\"entry-content\">\n<div>\n<p>Obrady II sesji Rady Gminy \u017belazk\u00f3w IX kadencji odb\u0119d\u0105 si\u0119 w dniu 27 maja 2024 r. (poniedzia\u0142ek) o godz 14.00 w sali obrad Urz\u0119du Gminy w \u017belazkowie.<\/p>\n<\/div>\n<div class=\"aktualnosci_tresc\">\n<div class=\"aktualnosci_tresc\">\n<div class=\"aktualnosci_tresc\">\n<div class=\"aktualnosci_tresc\">\n<div class=\"aktualnosci_tresc\">\n<div class=\"aktualnosci_tresc\">\n<div class=\"aktualnosci_tresc\">\n<div class=\"aktualnosci_tresc\">\n<div class=\"aktualnosci_skrot_ aktualnosci_skrot\">\n<div class=\"aktualnosci_skrot_ aktualnosci_skrot\">\n<div id=\"aktualnosci_wyniki_kontener\" class=\"aktualnosci_wyniki_kontener\">\n<div class=\"aktualnosci_tresc\">\n<div class=\"aktualnosci_tresc\">\n<div>\n<p><strong>Proponowany porz\u0105dek obrad: \u2013\u00a0<\/strong> <a href=\"https:\/\/www.bip.zelazkow.pl\/fck_pliki\/file\/sesje\/sesja_2024\/II_sesja_IX_kadencji.pdf\">otw\u00f3rz<\/a><\/p>\n<\/div>\n<\/div>\n<\/div>\n<\/div>\n<\/div>\n<\/div>\n<\/div>\n<\/div>\n<\/div>\n<\/div>\n<\/div>\n<\/div>\n<\/div>\n<\/div>\n<\/div>\n","protected":false},"excerpt":{"rendered":"<p>Obrady II sesji Rady Gminy \u017belazk\u00f3w IX kadencji odb\u0119d\u0105 si\u0119 w dniu 27 maja 2024 r. (poniedzia\u0142ek) o godz 14.00 w sali obrad Urz\u0119du Gminy w \u017belazkowie. Proponowany porz\u0105dek obrad: \u2013\u00a0 otw\u00f3rz<\/p>\n","protected":false},"author":6,"featured_media":7745,"comment_status":"closed","ping_status":"closed","sticky":false,"template":"","format":"standard","meta":{"footnotes":""},"categories":[23,25],"tags":[],"post_folder":[],"_links":{"self":[{"href":"https:\/\/www.zelazkow.pl\/index.php?rest_route=\/wp\/v2\/posts\/8008"}],"collection":[{"href":"https:\/\/www.zelazkow.pl\/index.php?rest_route=\/wp\/v2\/posts"}],"about":[{"href":"https:\/\/www.zelazkow.pl\/index.php?rest_route=\/wp\/v2\/types\/post"}],"author":[{"embeddable":true,"href":"https:\/\/www.zelazkow.pl\/index.php?rest_route=\/wp\/v2\/users\/6"}],"replies":[{"embeddable":true,"href":"https:\/\/www.zelazkow.pl\/index.php?rest_route=%2Fwp%2Fv2%2Fcomments&post=8008"}],"version-history":[{"count":1,"href":"https:\/\/www.zelazkow.pl\/index.php?rest_route=\/wp\/v2\/posts\/8008\/revisions"}],"predecessor-version":[{"id":8009,"href":"https:\/\/www.zelazkow.pl\/index.php?rest_route=\/wp\/v2\/posts\/8008\/revisions\/8009"}],"wp:featuredmedia":[{"embeddable":true,"href":"https:\/\/www.zelazkow.pl\/index.php?rest_route=\/wp\/v2\/media\/7745"}],"wp:attachment":[{"href":"https:\/\/www.zelazkow.pl\/index.php?rest_route=%2Fwp%2Fv2%2Fmedia&parent=8008"}],"wp:term":[{"taxonomy":"category","embeddable":true,"href":"https:\/\/www.zelazkow.pl\/index.php?rest_route=%2Fwp%2Fv2%2Fcategories&post=8008"},{"taxonomy":"post_tag","embeddable":true,"href":"https:\/\/www.zelazkow.pl\/index.php?rest_route=%2Fwp%2Fv2%2Ftags&post=8008"},{"taxonomy":"post_folder","embeddable":true,"href":"https:\/\/www.zelazkow.pl\/index.php?rest_route=%2Fwp%2Fv2%2Fpost_folder&post=8008"}],"curies":[{"name":"wp","href":"https:\/\/api.w.org\/{rel}","templated":true}]}}