{"id":7888,"date":"2024-05-06T08:09:15","date_gmt":"2024-05-06T08:09:15","guid":{"rendered":"https:\/\/www.zelazkow.pl\/?p=7888"},"modified":"2024-05-06T08:09:15","modified_gmt":"2024-05-06T08:09:15","slug":"strategia-lokalna-od-pomyslu-do-realizacji","status":"publish","type":"post","link":"https:\/\/www.zelazkow.pl\/?p=7888","title":{"rendered":"Strategia lokalna. Od pomys\u0142u do realizacji."},"content":{"rendered":"<p><strong>Nak\u0142adem Polskiej Fundacji Spo\u0142ecze\u0144stwa Przedsi\u0119biorczego ukaza\u0142a si\u0119 publikacja pt. \u201eStrategia lokalna. Od pomys\u0142u do realizacji\u201d, kt\u00f3ra stanowi kompendium wiedzy na temat efektywnego zarz\u0105dzania rozwojem lokalnym. Jest ona kierowana do przedstawicieli samorz\u0105d\u00f3w lokalnych, organizacji pozarz\u0105dowych, so\u0142tys\u00f3w, radnych, lider\u00f3w spo\u0142eczno\u015bci.<\/strong><\/p>\n<p>Niniejszy przewodnik zosta\u0142 opracowany przez ekspert\u00f3w w dziedzinie zarz\u0105dzania rozwojem lokalnym i opiera si\u0119 na bogatym dorobku teoretycznym oraz praktycznym do\u015bwiadczeniu autor\u00f3w z realizacji projekt\u00f3w w\u0142\u0105czaj\u0105cych lokalne spo\u0142eczno\u015bci w prowadzenie polityki rozwoju. Publikacja porusza kluczowe aspekty tworzenia skutecznych strategii lokalnych, od identyfikacji potrzeb spo\u0142eczno\u015bci po wdra\u017canie konkretnych dzia\u0142a\u0144 i projekt\u00f3w.<\/p>\n<p>G\u0142\u00f3wne tematy om\u00f3wione w publikacji to:<\/p>\n<ul>\n<li>Udzia\u0142 spo\u0142eczno\u015bci lokalnych w procesach decyzyjnych.<\/li>\n<li>Metody partycypacyjnego planowania i zarz\u0105dzania.<\/li>\n<li>Zasada pomocniczo\u015bci w praktyce.<\/li>\n<li>Budowanie partnerstw i wzajemne zaufanie mi\u0119dzy mieszka\u0144cami a w\u0142adzami lokalnymi.<\/li>\n<\/ul>\n<p>Przewodnik sk\u0142ada si\u0119 z dw\u00f3ch zasadniczych cz\u0119\u015bci, pierwsza dedykowana jest so\u0142tysom, radom so\u0142eckim, liderom lokalnych organizacji spo\u0142ecznych i instytucji, spo\u0142ecznikom oraz pracownikom samorz\u0105dowym, a druga ma wymiar bardziej naukowo-teoretyczny i kierowana jest w szczeg\u00f3lno\u015bci do os\u00f3b, kt\u00f3re naukowo zajmuj\u0105 si\u0119 zagadnieniami rozwoju lokalnego kierowanego przez spo\u0142eczno\u015b\u0107 i jego r\u00f3\u017cnymi aspektami.<\/p>\n<p>&#8211; <em>Wierzymy, \u017ce \u201eStrategia lokalna. Od pomys\u0142u do realizacji\u201d stanie si\u0119 cennym narz\u0119dziem wspieraj\u0105cym samorz\u0105dy w d\u0105\u017ceniu do zr\u00f3wnowa\u017conego rozwoju oraz wzmacnianiu lokalnych spo\u0142eczno\u015bci<\/em> \u2013 m\u00f3wi S\u0142awomir Doburzy\u0144ski, autor publikacji. \u2013 <em>Zach\u0119camy do zapoznania si\u0119 z tre\u015bci\u0105 przewodnika i wykorzystania przedstawionych w nim rozwi\u0105za\u0144 w praktyce.<\/em><\/p>\n<p>Publikacja dost\u0119pna jest bezp\u0142atnie w formacie PDF i mo\u017ce by\u0107 pobrana pod adresem:<\/p>\n<p>http:\/\/ideeprzezwies.pl\/Strategia_lokalna_Od_pomyslu_do_realizacji.pdf<\/p>\n<p>Projekt &#8220;IDEE przez wie\u015b&#8221; finansowany przez Islandi\u0119, Lichtenstein i Norwegi\u0119 z Funduszy EOG i Funduszy Norweskich w ramach Programu Aktywni Obywatele &#8211; Fundusz Regionalny. Wysoko\u015b\u0107 grantu to 101 402,67 euro.<\/p>\n<p>Maciej Patynowski<\/p>\n","protected":false},"excerpt":{"rendered":"<p>Nak\u0142adem Polskiej Fundacji Spo\u0142ecze\u0144stwa Przedsi\u0119biorczego ukaza\u0142a si\u0119 publikacja pt. \u201eStrategia lokalna. Od pomys\u0142u do realizacji\u201d, kt\u00f3ra stanowi kompendium wiedzy na temat efektywnego zarz\u0105dzania rozwojem lokalnym. Jest ona kierowana do przedstawicieli samorz\u0105d\u00f3w lokalnych, organizacji pozarz\u0105dowych, so\u0142tys\u00f3w, radnych, lider\u00f3w spo\u0142eczno\u015bci. Niniejszy przewodnik zosta\u0142 opracowany przez ekspert\u00f3w w dziedzinie zarz\u0105dzania rozwojem lokalnym i opiera si\u0119 na bogatym dorobku [&hellip;]<\/p>\n","protected":false},"author":7,"featured_media":7889,"comment_status":"closed","ping_status":"closed","sticky":false,"template":"","format":"standard","meta":{"footnotes":""},"categories":[23,25],"tags":[],"post_folder":[],"_links":{"self":[{"href":"https:\/\/www.zelazkow.pl\/index.php?rest_route=\/wp\/v2\/posts\/7888"}],"collection":[{"href":"https:\/\/www.zelazkow.pl\/index.php?rest_route=\/wp\/v2\/posts"}],"about":[{"href":"https:\/\/www.zelazkow.pl\/index.php?rest_route=\/wp\/v2\/types\/post"}],"author":[{"embeddable":true,"href":"https:\/\/www.zelazkow.pl\/index.php?rest_route=\/wp\/v2\/users\/7"}],"replies":[{"embeddable":true,"href":"https:\/\/www.zelazkow.pl\/index.php?rest_route=%2Fwp%2Fv2%2Fcomments&post=7888"}],"version-history":[{"count":1,"href":"https:\/\/www.zelazkow.pl\/index.php?rest_route=\/wp\/v2\/posts\/7888\/revisions"}],"predecessor-version":[{"id":7890,"href":"https:\/\/www.zelazkow.pl\/index.php?rest_route=\/wp\/v2\/posts\/7888\/revisions\/7890"}],"wp:featuredmedia":[{"embeddable":true,"href":"https:\/\/www.zelazkow.pl\/index.php?rest_route=\/wp\/v2\/media\/7889"}],"wp:attachment":[{"href":"https:\/\/www.zelazkow.pl\/index.php?rest_route=%2Fwp%2Fv2%2Fmedia&parent=7888"}],"wp:term":[{"taxonomy":"category","embeddable":true,"href":"https:\/\/www.zelazkow.pl\/index.php?rest_route=%2Fwp%2Fv2%2Fcategories&post=7888"},{"taxonomy":"post_tag","embeddable":true,"href":"https:\/\/www.zelazkow.pl\/index.php?rest_route=%2Fwp%2Fv2%2Ftags&post=7888"},{"taxonomy":"post_folder","embeddable":true,"href":"https:\/\/www.zelazkow.pl\/index.php?rest_route=%2Fwp%2Fv2%2Fpost_folder&post=7888"}],"curies":[{"name":"wp","href":"https:\/\/api.w.org\/{rel}","templated":true}]}}