{"id":7850,"date":"2024-04-23T06:32:13","date_gmt":"2024-04-23T06:32:13","guid":{"rendered":"https:\/\/www.zelazkow.pl\/?p=7850"},"modified":"2024-04-23T06:32:13","modified_gmt":"2024-04-23T06:32:13","slug":"xxv-wiosenne-targi-ogrodniczo-rolnicze-i-dzialkowe-w-opatowku","status":"publish","type":"post","link":"https:\/\/www.zelazkow.pl\/?p=7850","title":{"rendered":"XXV Wiosenne Targi Ogrodniczo-Rolnicze i Dzia\u0142kowe w Opat\u00f3wku"},"content":{"rendered":"<p>Szanowni Mieszka\u0144cy,<\/p>\n<p>Krzysztof Nosal &#8211; Starosta Kaliski, Sebastian Ward\u0119cki &#8211; Burmistrz Gminy Opat\u00f3wek i Marek Janiak &#8211; Dyrektor ZS im. ST. Miko\u0142ajczyka w Opat\u00f3wku<\/p>\n<p><span class=\"x1xsqp64 xiy17q3 x1o6pynw x19co3pv xdj266r xcwd3tp xat24cr x39eecv x2b8uid\" data-testid=\"emoji\"><span class=\"xexx8yu xn5pp95 x18d9i69 x2fxd7x x3jgonx x1bhl96m\">\ud83e\udd29<\/span><\/span>zapraszaj\u0105 na XXV Wiosenne Targi Ogrodniczo-Rolnicze i Dzia\u0142kowe, kt\u00f3re odb\u0119d\u0105 si\u0119 w Zespole Szk\u00f3\u0142 w Opat\u00f3wku.<\/p>\n<p><span class=\"x1xsqp64 xiy17q3 x1o6pynw x19co3pv xdj266r xcwd3tp xat24cr x39eecv x2b8uid\" data-testid=\"emoji\"><span class=\"xexx8yu xn5pp95 x18d9i69 x2fxd7x x3jgonx x1bhl96m\">\ud83d\udccb<\/span><\/span>Program Targ\u00f3w<\/p>\n<p><span class=\"x1xsqp64 xiy17q3 x1o6pynw x19co3pv xdj266r xcwd3tp xat24cr x39eecv x2b8uid\" data-testid=\"emoji\"><span class=\"xexx8yu xn5pp95 x18d9i69 x2fxd7x x3jgonx x1bhl96m\">\ud83d\udcc5<\/span><\/span>Sobota, 27.04.2024r.<\/p>\n<p>09:00 &#8211; 17:00 &#8211; prezentacja ekspozycji targowych<br \/>\n10:00 &#8211; 14:00 &#8211; dzie\u0144 otwartych drzwi szko\u0142y<br \/>\n13:00 &#8211; oficjalne otwarcie targ\u00f3w<br \/>\n&#8211; wr\u0119czenie statuetek z podzi\u0119kowaniami dla firm za wieloletni\u0105 wsp\u00f3\u0142prac\u0119.<\/p>\n<p><span class=\"x1xsqp64 xiy17q3 x1o6pynw x19co3pv xdj266r xcwd3tp xat24cr x39eecv x2b8uid\" data-testid=\"emoji\"><span class=\"xexx8yu xn5pp95 x18d9i69 x2fxd7x x3jgonx x1bhl96m\">\ud83d\udcc5<\/span><\/span>Niedziela, 28.04.2024r.<\/p>\n<p>09:00 &#8211; 16:00 &#8211; prezentacja ekspozycji targowych<br \/>\n10:00 &#8211; 13:00 &#8211; dzie\u0144 otwartych drzwi szko\u0142y<br \/>\n13:00 &#8211; oficjalne zako\u0144czenie targ\u00f3w oraz og\u0142oszenie wynik\u00f3w konkurs\u00f3w targowych:<br \/>\n&#8211; na najlepszy produkt targowy<br \/>\n&#8211; na najlepiej zaaran\u017cowane stoisko<br \/>\n&#8211; fina\u0142 loterii fantowej dla zwiedzaj\u0105cych.<\/p>\n","protected":false},"excerpt":{"rendered":"<p>Szanowni Mieszka\u0144cy, Krzysztof Nosal &#8211; Starosta Kaliski, Sebastian Ward\u0119cki &#8211; Burmistrz Gminy Opat\u00f3wek i Marek Janiak &#8211; Dyrektor ZS im. ST. Miko\u0142ajczyka w Opat\u00f3wku \ud83e\udd29zapraszaj\u0105 na XXV Wiosenne Targi Ogrodniczo-Rolnicze i Dzia\u0142kowe, kt\u00f3re odb\u0119d\u0105 si\u0119 w Zespole Szk\u00f3\u0142 w Opat\u00f3wku. \ud83d\udccbProgram Targ\u00f3w \ud83d\udcc5Sobota, 27.04.2024r. 09:00 &#8211; 17:00 &#8211; prezentacja ekspozycji targowych 10:00 &#8211; 14:00 &#8211; [&hellip;]<\/p>\n","protected":false},"author":7,"featured_media":7851,"comment_status":"closed","ping_status":"closed","sticky":false,"template":"","format":"standard","meta":{"footnotes":""},"categories":[23,25,28],"tags":[],"post_folder":[],"_links":{"self":[{"href":"https:\/\/www.zelazkow.pl\/index.php?rest_route=\/wp\/v2\/posts\/7850"}],"collection":[{"href":"https:\/\/www.zelazkow.pl\/index.php?rest_route=\/wp\/v2\/posts"}],"about":[{"href":"https:\/\/www.zelazkow.pl\/index.php?rest_route=\/wp\/v2\/types\/post"}],"author":[{"embeddable":true,"href":"https:\/\/www.zelazkow.pl\/index.php?rest_route=\/wp\/v2\/users\/7"}],"replies":[{"embeddable":true,"href":"https:\/\/www.zelazkow.pl\/index.php?rest_route=%2Fwp%2Fv2%2Fcomments&post=7850"}],"version-history":[{"count":1,"href":"https:\/\/www.zelazkow.pl\/index.php?rest_route=\/wp\/v2\/posts\/7850\/revisions"}],"predecessor-version":[{"id":7852,"href":"https:\/\/www.zelazkow.pl\/index.php?rest_route=\/wp\/v2\/posts\/7850\/revisions\/7852"}],"wp:featuredmedia":[{"embeddable":true,"href":"https:\/\/www.zelazkow.pl\/index.php?rest_route=\/wp\/v2\/media\/7851"}],"wp:attachment":[{"href":"https:\/\/www.zelazkow.pl\/index.php?rest_route=%2Fwp%2Fv2%2Fmedia&parent=7850"}],"wp:term":[{"taxonomy":"category","embeddable":true,"href":"https:\/\/www.zelazkow.pl\/index.php?rest_route=%2Fwp%2Fv2%2Fcategories&post=7850"},{"taxonomy":"post_tag","embeddable":true,"href":"https:\/\/www.zelazkow.pl\/index.php?rest_route=%2Fwp%2Fv2%2Ftags&post=7850"},{"taxonomy":"post_folder","embeddable":true,"href":"https:\/\/www.zelazkow.pl\/index.php?rest_route=%2Fwp%2Fv2%2Fpost_folder&post=7850"}],"curies":[{"name":"wp","href":"https:\/\/api.w.org\/{rel}","templated":true}]}}