{"id":7807,"date":"2024-04-12T07:59:16","date_gmt":"2024-04-12T07:59:16","guid":{"rendered":"https:\/\/www.zelazkow.pl\/?p=7807"},"modified":"2024-04-12T07:59:16","modified_gmt":"2024-04-12T07:59:16","slug":"nominowani-z-naszej-gminy-w-plebiscycie-mistrzowie-agro","status":"publish","type":"post","link":"https:\/\/www.zelazkow.pl\/?p=7807","title":{"rendered":"Nominowani z naszej gminy w plebiscycie Mistrzowie Agro"},"content":{"rendered":"<p>Szanowni Mieszka\u0144cy,<\/p>\n<p>mi\u0142o nam poinformowa\u0107 o rozpocz\u0119ciu g\u0142osowania w kolejnej edycji akcji MISTRZOWIE AGRO \u2013 najwi\u0119kszym plebiscycie so\u0142eckim i rolniczym w Polsce, prowadzonym w naszym wojew\u00f3dztwie przez \u201eG\u0142os Wielkopolski\u201d oraz og\u00f3lnopolski serwis i magazyn \u201eStrefa Agro\u201d.<\/p>\n<p>Laureaci konkursu zostan\u0105 wybrani najpierw w g\u0142osowaniu w powiatach, nast\u0119pnie na szczeblu wojew\u00f3dzkim, a ostatecznie w skali ca\u0142ego kraju.<\/p>\n<p>Serdecznie gratulujemy uzyskania nominacji z Gminy \u017belazk\u00f3w kandydat\u00f3w w nast\u0119puj\u0105cych kategoriach:<\/p>\n<p>Agroturystyka Roku:<\/p>\n<p>Agroturystyka Zacisze<\/p>\n<p>Ko\u0142o Gospody\u0144 Wiejskich Roku:<\/p>\n<p>KGW Bork\u00f3w Stary, KGW Florentynki Florentyna, KGW Noce i Dnie w Russowie, KGW Z\u0142ote Kobiety w Z\u0142otnikach Ma\u0142ych, KGW w Biernatkach, KGW w Czartkach, KGW w Jankowie, KGW w Tykad\u0142owie, KGW w Zborowie, KGW w \u017belazkowie, Stowarzyszenie Kobiet Wiejskich w Goliszewie, KGW Swojskie Babki w D\u0119be-Szkur\u0142aty<\/p>\n<p>So\u0142tys Roku:<\/p>\n<p>Joanna Kij, Aleksandra Klaska, Karolina Krysiak<\/p>\n<p>Lider Spo\u0142eczno\u015bci Roku:<\/p>\n<p>Alicja \u0141uczak<\/p>\n<p>Tak liczne nominacje s\u0105 wyrazem uznania i docenienia pracy rolnik\u00f3w, so\u0142tys\u00f3w, so\u0142ectw, k\u00f3\u0142 gospody\u0144 wiejskich oraz lider\u00f3w spo\u0142eczno\u015bci.<\/p>\n<p>Wszystkie wa\u017cne informacje o plebiscycie mo\u017cna znale\u017a\u0107 w naszym serwisie internetowym pod adresem <a class=\"moz-txt-link-abbreviated\" href=\"http:\/\/www.gloswielkopolski.pl\/agro\">www.gloswielkopolski.pl\/agro<\/a><\/p>\n<p>Tegoroczna edycja akcji zosta\u0142a obj\u0119ta honorowym patronatem Ministerstwa Rolnictwa i Rozwoju Wsi, Agencji Restrukturyzacji i Modernizacji Rolnictwa, Narodowego Instytutu Kultury i Dziedzictwa Wsi i Krajowego O\u015brodka Wsparcia Rolnictwa.<\/p>\n","protected":false},"excerpt":{"rendered":"<p>Szanowni Mieszka\u0144cy, mi\u0142o nam poinformowa\u0107 o rozpocz\u0119ciu g\u0142osowania w kolejnej edycji akcji MISTRZOWIE AGRO \u2013 najwi\u0119kszym plebiscycie so\u0142eckim i rolniczym w Polsce, prowadzonym w naszym wojew\u00f3dztwie przez \u201eG\u0142os Wielkopolski\u201d oraz og\u00f3lnopolski serwis i magazyn \u201eStrefa Agro\u201d. Laureaci konkursu zostan\u0105 wybrani najpierw w g\u0142osowaniu w powiatach, nast\u0119pnie na szczeblu wojew\u00f3dzkim, a ostatecznie w skali ca\u0142ego kraju. [&hellip;]<\/p>\n","protected":false},"author":7,"featured_media":7808,"comment_status":"closed","ping_status":"closed","sticky":false,"template":"","format":"standard","meta":{"footnotes":""},"categories":[23,25],"tags":[],"post_folder":[],"_links":{"self":[{"href":"https:\/\/www.zelazkow.pl\/index.php?rest_route=\/wp\/v2\/posts\/7807"}],"collection":[{"href":"https:\/\/www.zelazkow.pl\/index.php?rest_route=\/wp\/v2\/posts"}],"about":[{"href":"https:\/\/www.zelazkow.pl\/index.php?rest_route=\/wp\/v2\/types\/post"}],"author":[{"embeddable":true,"href":"https:\/\/www.zelazkow.pl\/index.php?rest_route=\/wp\/v2\/users\/7"}],"replies":[{"embeddable":true,"href":"https:\/\/www.zelazkow.pl\/index.php?rest_route=%2Fwp%2Fv2%2Fcomments&post=7807"}],"version-history":[{"count":1,"href":"https:\/\/www.zelazkow.pl\/index.php?rest_route=\/wp\/v2\/posts\/7807\/revisions"}],"predecessor-version":[{"id":7809,"href":"https:\/\/www.zelazkow.pl\/index.php?rest_route=\/wp\/v2\/posts\/7807\/revisions\/7809"}],"wp:featuredmedia":[{"embeddable":true,"href":"https:\/\/www.zelazkow.pl\/index.php?rest_route=\/wp\/v2\/media\/7808"}],"wp:attachment":[{"href":"https:\/\/www.zelazkow.pl\/index.php?rest_route=%2Fwp%2Fv2%2Fmedia&parent=7807"}],"wp:term":[{"taxonomy":"category","embeddable":true,"href":"https:\/\/www.zelazkow.pl\/index.php?rest_route=%2Fwp%2Fv2%2Fcategories&post=7807"},{"taxonomy":"post_tag","embeddable":true,"href":"https:\/\/www.zelazkow.pl\/index.php?rest_route=%2Fwp%2Fv2%2Ftags&post=7807"},{"taxonomy":"post_folder","embeddable":true,"href":"https:\/\/www.zelazkow.pl\/index.php?rest_route=%2Fwp%2Fv2%2Fpost_folder&post=7807"}],"curies":[{"name":"wp","href":"https:\/\/api.w.org\/{rel}","templated":true}]}}