{"id":7778,"date":"2024-04-09T17:09:30","date_gmt":"2024-04-09T17:09:30","guid":{"rendered":"https:\/\/www.zelazkow.pl\/?p=7778"},"modified":"2024-04-09T17:16:48","modified_gmt":"2024-04-09T17:16:48","slug":"wyniki-wyborow-samorzadowych-w-gminie-zelazkow","status":"publish","type":"post","link":"https:\/\/www.zelazkow.pl\/?p=7778","title":{"rendered":"Wyniki Wybor\u00f3w Samorz\u0105dowych w Gminie \u017belazk\u00f3w"},"content":{"rendered":"<p align=\"JUSTIFY\"><span style=\"font-size: large;\"><span style=\"color: #000000;\"><span style=\"font-family: Times New Roman, serif;\">Szanowni Mieszka\u0144cy Gm<\/span><\/span><\/span><span style=\"font-size: large;\"><span style=\"color: #000000;\"><span style=\"font-family: Times New Roman, serif;\">iny \u017belazk\u00f3w.<br \/>\n<\/span><\/span><\/span><span style=\"font-size: large;\"><span style=\"color: #000000;\"><span style=\"font-family: Times New Roman, serif;\">Przedstawiamy pe\u0142ne wyniki Wybor\u00f3w Samorz\u0105dowych w naszej Gminie.<\/span><\/span><\/span><\/p>\n<p align=\"JUSTIFY\"><span style=\"color: #000000;\"><span style=\"font-family: Times New Roman, serif;\"><span style=\"font-size: large;\"><b>Wybory na W\u00f3jta Gminy \u017belazk\u00f3w\u00a0 \u00a0 \u00a0 \u00a0 \u00a0 \u00a0 \u00a0 \u00a0 \u00a0 \u00a0 \u00a0 \u00a0 \u00a0 \u00a0 \u00a0 \u00a0 \u00a0 \u00a0 \u00a0 \u00a0 \u00a0 \u00a0 \u00a0 \u00a0 \u00a0 \u00a0 \u00a0 \u00a0 \u00a0 \u00a0 \u00a0 \u00a0 \u00a0 \u00a0 \u00a0 \u00a0 \u00a0 \u00a0 \u00a0 \u00a0 \u00a0 \u00a0 \u00a0 \u00a0\u00a0<\/b><\/span><\/span><\/span><\/p>\n<table border=\"0\" width=\"687\" cellspacing=\"0\" cellpadding=\"7\">\n<tbody>\n<tr>\n<td colspan=\"2\" valign=\"TOP\" bgcolor=\"#ffffff\" width=\"673\"><\/td>\n<\/tr>\n<tr valign=\"TOP\">\n<td bgcolor=\"#ffffff\" width=\"33\">\n<p align=\"RIGHT\"><span style=\"font-family: Times New Roman, serif;\"><b>1.<\/b><\/span><\/p>\n<\/td>\n<td rowspan=\"2\" bgcolor=\"#ffffff\" width=\"626\"><span style=\"font-family: Times New Roman, serif;\"><b>DUMA\u0143SKA Agnieszka<\/b><\/span><\/p>\n<p><span style=\"font-family: Times New Roman, serif;\">zg\u0142oszona przez KWW GMINNA PRAWICA<\/span><\/p>\n<p><span style=\"font-family: Times New Roman, serif;\">Liczba g\u0142os\u00f3w &#8211; 686<\/span><\/td>\n<\/tr>\n<tr valign=\"TOP\">\n<td bgcolor=\"#ffffff\" width=\"33\" height=\"6\"><\/td>\n<\/tr>\n<tr>\n<td colspan=\"2\" valign=\"TOP\" bgcolor=\"#ffffff\" width=\"673\"><\/td>\n<\/tr>\n<tr valign=\"TOP\">\n<td bgcolor=\"#ffffff\" width=\"33\">\n<p align=\"RIGHT\"><span style=\"font-family: Times New Roman, serif;\"><b>2.<\/b><\/span><\/p>\n<\/td>\n<td rowspan=\"2\" bgcolor=\"#ffffff\" width=\"626\"><span style=\"font-family: Times New Roman, serif;\"><b>KRASZKIEWICZ Micha\u0142 Marek<\/b><\/span><\/p>\n<p><span style=\"font-family: Times New Roman, serif;\">zg\u0142oszony przez KWW MICHA\u0141A KRASZKIEWICZA<\/span><\/p>\n<p><span style=\"font-family: Times New Roman, serif;\">Liczba g\u0142os\u00f3w \u2013 2\u00a0922 <\/span><\/p>\n<p><span style=\"font-family: Times New Roman, serif;\"><b>KANDYDAT ZOSTA\u0141 WYBRANY W I TURZE<\/b><\/span><\/td>\n<\/tr>\n<tr valign=\"TOP\">\n<td bgcolor=\"#ffffff\" width=\"33\" height=\"6\"><\/td>\n<\/tr>\n<tr>\n<td colspan=\"2\" valign=\"TOP\" bgcolor=\"#ffffff\" width=\"673\"><\/td>\n<\/tr>\n<\/tbody>\n<\/table>\n<p align=\"JUSTIFY\"><span style=\"color: #000000;\"><span style=\"font-family: Times New Roman, serif;\"><span style=\"font-size: large;\"><b>Wybory na Radnych Gminy \u017belazk\u00f3w<\/b><\/span><\/span><\/span><\/p>\n<dl>\n<dd>\n<table border=\"0\" width=\"537\" cellspacing=\"0\" cellpadding=\"1\">\n<tbody>\n<tr>\n<td colspan=\"2\" valign=\"TOP\" bgcolor=\"#ffffff\" width=\"535\"><span style=\"color: #00000a;\"><span style=\"font-size: medium;\"><span style=\"font-family: Times New Roman, serif;\"><span style=\"font-size: large;\"><u><b>Okr\u0119g wyborczy Nr 1<\/b><\/u><\/span><\/span><span style=\"font-family: Times New Roman, serif;\"><span style=\"font-size: large;\"><b> &#8211; <\/b><\/span><\/span><span style=\"font-family: Times New Roman, serif;\">Wojciech\u00f3wka<\/span><\/span><\/span><\/td>\n<\/tr>\n<tr valign=\"TOP\">\n<td bgcolor=\"#ffffff\" width=\"32\">\n<p align=\"RIGHT\"><span style=\"color: #00000a;\"><span style=\"font-size: medium;\"><span style=\"font-family: Times New Roman, serif;\"><b>1.<\/b><\/span><\/span><\/span><\/p>\n<\/td>\n<td rowspan=\"2\" bgcolor=\"#ffffff\" width=\"501\"><span style=\"color: #00000a;\"><span style=\"font-size: medium;\"><span style=\"font-family: Times New Roman, serif;\"><b>SW\u0118DROWSKI Marek Stanis\u0142aw<\/b><\/span><\/span><\/span><\/p>\n<p><span style=\"color: #00000a;\"><span style=\"font-size: medium;\"><span style=\"font-family: Times New Roman, serif;\">zg\u0142oszony przez KWW GMINNA PRAWICA<\/span><\/span><\/span><\/p>\n<p><span style=\"color: #00000a;\"><span style=\"font-size: medium;\"><span style=\"font-family: Times New Roman, serif;\">Liczba g\u0142os\u00f3w &#8211; 32<\/span><\/span><\/span><\/td>\n<\/tr>\n<tr valign=\"TOP\">\n<td bgcolor=\"#ffffff\" width=\"32\" height=\"18\"><\/td>\n<\/tr>\n<tr>\n<td colspan=\"2\" valign=\"TOP\" bgcolor=\"#ffffff\" width=\"535\"><\/td>\n<\/tr>\n<tr valign=\"TOP\">\n<td bgcolor=\"#ffffff\" width=\"32\">\n<p align=\"RIGHT\"><span style=\"color: #00000a;\"><span style=\"font-size: medium;\"><span style=\"font-family: Times New Roman, serif;\"><b>2.<\/b><\/span><\/span><\/span><\/p>\n<\/td>\n<td bgcolor=\"#ffffff\" width=\"501\"><span style=\"color: #00000a;\"><span style=\"font-size: medium;\"><span style=\"font-family: Times New Roman, serif;\"><b>TU\u0141ACZ Ewa Bo\u017cena<\/b><\/span><\/span><\/span><\/p>\n<p><span style=\"color: #00000a;\"><span style=\"font-size: medium;\"><span style=\"font-family: Times New Roman, serif;\">zg\u0142oszona przez KWW MICHA\u0141A KRASZKIEWICZA<\/span><\/span><\/span><\/p>\n<p><span style=\"color: #00000a;\"><span style=\"font-size: medium;\"><span style=\"font-family: Times New Roman, serif;\">Liczba g\u0142os\u00f3w \u2013 120<\/span><\/span><\/span><\/p>\n<p><span style=\"color: #00000a;\"><span style=\"font-size: medium;\"><span style=\"font-family: Times New Roman, serif;\"><b>KANDYDATKA UZYSKA\u0141A MANDAT<\/b><\/span><\/span><\/span><\/td>\n<\/tr>\n<\/tbody>\n<\/table>\n<\/dd>\n<\/dl>\n<dl>\n<dd>\n<table border=\"0\" width=\"537\" cellspacing=\"0\" cellpadding=\"1\">\n<tbody>\n<tr>\n<td valign=\"TOP\" bgcolor=\"#ffffff\" width=\"535\"><span style=\"color: #00000a;\"><span style=\"font-size: medium;\"><span style=\"font-family: Times New Roman, serif;\"><span style=\"font-size: large;\"><u><b>Okr\u0119g wyborczy Nr 2 <\/b><\/u><\/span><\/span><span style=\"font-family: Times New Roman, serif;\"><span style=\"font-size: large;\"><b>&#8211; <\/b><\/span><\/span><span style=\"font-family: Times New Roman, serif;\">D\u0119be, Szkur\u0142aty<\/span><\/span><\/span><\/p>\n<p><span style=\"color: #00000a;\"><span style=\"font-size: medium;\"><span style=\"font-family: Times New Roman, serif;\"><u>(<\/u><\/span><span style=\"font-family: Times New Roman, serif;\">Mandat obsadzony z uwagi na zg\u0142oszenie tyko jednego kandydata)<\/span><\/span><\/span><\/td>\n<\/tr>\n<tr>\n<td rowspan=\"2\" valign=\"TOP\" bgcolor=\"#ffffff\" width=\"535\" height=\"16\">\n<ol>\n<li><span style=\"color: #00000a;\"><span style=\"font-size: medium;\"><span style=\"font-family: Times New Roman, serif;\"><b>OLEJNICZAK Pawe\u0142<\/b><\/span><\/span><\/span><\/li>\n<\/ol>\n<p><span style=\"color: #00000a;\"> <span style=\"font-size: medium;\"><span style=\"font-family: Times New Roman, serif;\">zg\u0142oszony przez KWW MICHA\u0141A KRASZKIEWICZA<\/span><\/span><\/span><\/p>\n<p><span style=\"color: #00000a;\"> <span style=\"font-size: medium;\"><span style=\"font-family: Times New Roman, serif;\"><b>KANDYDAT UZYSKA\u0141 MANDAT<\/b><\/span><\/span><\/span><\/td>\n<\/tr>\n<\/tbody>\n<\/table>\n<\/dd>\n<\/dl>\n<dl>\n<dd>\n<table border=\"0\" width=\"537\" cellspacing=\"0\" cellpadding=\"1\">\n<tbody>\n<tr>\n<td valign=\"TOP\" bgcolor=\"#ffffff\" width=\"535\"><span style=\"color: #00000a;\"><span style=\"font-size: medium;\"><span style=\"font-family: Times New Roman, serif;\"><span style=\"font-size: large;\"><u><b>Okr\u0119g wyborczy Nr 3<\/b><\/u><\/span><\/span><span style=\"font-family: Times New Roman, serif;\"><span style=\"font-size: large;\"><b> &#8211; <\/b><\/span><\/span><span style=\"font-family: Times New Roman, serif;\">Florentyna, Biernatki, Ilno<\/span><\/span><\/span><\/td>\n<\/tr>\n<tr>\n<td rowspan=\"2\" valign=\"TOP\" bgcolor=\"#ffffff\" width=\"535\" height=\"16\">\n<ol>\n<li><span style=\"color: #00000a;\"><span style=\"font-size: medium;\"><span style=\"font-family: Times New Roman, serif;\"><b>WYPYCH Piotr<\/b><\/span><\/span><\/span><\/li>\n<\/ol>\n<p><span style=\"color: #00000a;\"> <span style=\"font-size: medium;\"><span style=\"font-family: Times New Roman, serif;\">zg\u0142oszony przez KWW GMINNA PRAWICA<\/span><\/span><\/span><\/p>\n<p><span style=\"color: #00000a;\"> <span style=\"font-size: medium;\"><span style=\"font-family: Times New Roman, serif;\">Liczba g\u0142os\u00f3w \u2013 136<\/span><\/span><\/span><\/p>\n<p><span style=\"color: #00000a;\"> <span style=\"font-size: medium;\"><span style=\"font-family: Times New Roman, serif;\"><b>KANDYDAT UZYSKA\u0141 MANDAT<\/b><\/span><\/span><\/span><\/td>\n<\/tr>\n<tr>\n<td valign=\"TOP\" bgcolor=\"#ffffff\" width=\"535\"><\/td>\n<\/tr>\n<tr>\n<td rowspan=\"2\" valign=\"TOP\" bgcolor=\"#ffffff\" width=\"535\" height=\"16\">\n<ol start=\"2\">\n<li><span style=\"color: #00000a;\"><span style=\"font-size: medium;\"><span style=\"font-family: Times New Roman, serif;\"><b>PASTERNAK Teresa<\/b><\/span><\/span><\/span><\/li>\n<\/ol>\n<p><span style=\"color: #00000a;\"> <span style=\"font-size: medium;\"><span style=\"font-family: Times New Roman, serif;\">zg\u0142oszona przez KWW MICHA\u0141A KRASZKIEWICZA<\/span><\/span><\/span><\/p>\n<p><span style=\"color: #00000a;\"> <span style=\"font-size: medium;\"><span style=\"font-family: Times New Roman, serif;\">Liczba g\u0142os\u00f3w &#8211; 113<\/span><\/span><\/span><\/td>\n<\/tr>\n<\/tbody>\n<\/table>\n<\/dd>\n<\/dl>\n<dl>\n<dd>\n<table border=\"0\" width=\"537\" cellspacing=\"0\" cellpadding=\"1\">\n<tbody>\n<tr>\n<td colspan=\"2\" valign=\"TOP\" bgcolor=\"#ffffff\" width=\"535\"><span style=\"color: #00000a;\"><span style=\"font-size: medium;\"><span style=\"font-family: Times New Roman, serif;\"><span style=\"font-size: large;\"><u><b>Okr\u0119g wyborczy Nr 4<\/b><\/u><\/span><\/span><span style=\"font-family: Times New Roman, serif;\"><span style=\"font-size: large;\"><b> &#8211; <\/b><\/span><\/span><span style=\"font-family: Times New Roman, serif;\">Goliszew, Garzew<\/span><\/span><\/span><\/td>\n<\/tr>\n<tr valign=\"TOP\">\n<td bgcolor=\"#ffffff\" width=\"32\">\n<p align=\"RIGHT\"><span style=\"color: #00000a;\"><span style=\"font-size: medium;\"><span style=\"font-family: Times New Roman, serif;\"><b>1.<\/b><\/span><\/span><\/span><\/p>\n<\/td>\n<td rowspan=\"2\" bgcolor=\"#ffffff\" width=\"501\"><span style=\"color: #00000a;\"><span style=\"font-size: medium;\"><span style=\"font-family: Times New Roman, serif;\"><b>PONICHTERA Zbigniew<\/b><\/span><\/span><\/span><\/p>\n<p><span style=\"color: #00000a;\"><span style=\"font-size: medium;\"><span style=\"font-family: Times New Roman, serif;\">zg\u0142oszony przez KWW GMINNA PRAWICA<\/span><\/span><\/span><\/p>\n<p><span style=\"color: #00000a;\"><span style=\"font-size: medium;\"><span style=\"font-family: Times New Roman, serif;\">Liczba g\u0142os\u00f3w &#8211; 27<\/span><\/span><\/span><\/td>\n<\/tr>\n<tr valign=\"TOP\">\n<td bgcolor=\"#ffffff\" width=\"32\" height=\"18\"><\/td>\n<\/tr>\n<tr>\n<td colspan=\"2\" valign=\"TOP\" bgcolor=\"#ffffff\" width=\"535\"><\/td>\n<\/tr>\n<tr valign=\"TOP\">\n<td bgcolor=\"#ffffff\" width=\"32\">\n<p align=\"RIGHT\"><span style=\"color: #00000a;\"><span style=\"font-size: medium;\"><span style=\"font-family: Times New Roman, serif;\"><b>2.<\/b><\/span><\/span><\/span><\/p>\n<\/td>\n<td bgcolor=\"#ffffff\" width=\"501\"><span style=\"color: #00000a;\"><span style=\"font-size: medium;\"><span style=\"font-family: Times New Roman, serif;\"><b>MAJTAS S\u0142awomir J\u00f3zef<\/b><\/span><\/span><\/span><\/p>\n<p><span style=\"color: #00000a;\"><span style=\"font-size: medium;\"><span style=\"font-family: Times New Roman, serif;\">zg\u0142oszony przez KWW MICHA\u0141A KRASZKIEWICZA<\/span><\/span><\/span><\/p>\n<p><span style=\"color: #00000a;\"><span style=\"font-size: medium;\"><span style=\"font-family: Times New Roman, serif;\">Liczba g\u0142os\u00f3w \u2013 206<\/span><\/span><\/span><\/p>\n<p><span style=\"color: #00000a;\"><span style=\"font-size: medium;\"><span style=\"font-family: Times New Roman, serif;\"><b>KANDYDAT UZYSKA\u0141 MANDAT<\/b><\/span><\/span><\/span><\/td>\n<\/tr>\n<\/tbody>\n<\/table>\n<\/dd>\n<\/dl>\n<dl>\n<dd>\n<table border=\"0\" width=\"537\" cellspacing=\"0\" cellpadding=\"1\">\n<tbody>\n<tr>\n<td colspan=\"2\" valign=\"TOP\" bgcolor=\"#ffffff\" width=\"535\"><span style=\"color: #00000a;\"><span style=\"font-size: medium;\"><span style=\"font-family: Times New Roman, serif;\"><span style=\"font-size: large;\"><u><b>Okr\u0119g wyborczy Nr 5<\/b><\/u><\/span><\/span><span style=\"font-family: Times New Roman, serif;\"><span style=\"font-size: large;\"><b> &#8211; <\/b><\/span><\/span><span style=\"font-family: Times New Roman, serif;\">Kokanin, Nied\u017awiady<\/span><\/span><\/span><\/td>\n<\/tr>\n<tr>\n<td colspan=\"2\" valign=\"TOP\" bgcolor=\"#ffffff\" width=\"535\"><\/td>\n<\/tr>\n<tr valign=\"TOP\">\n<td bgcolor=\"#ffffff\" width=\"32\">\n<p align=\"RIGHT\"><span style=\"color: #00000a;\"><span style=\"font-size: medium;\"><span style=\"font-family: Times New Roman, serif;\"><b>1.<\/b><\/span><\/span><\/span><\/p>\n<\/td>\n<td rowspan=\"2\" bgcolor=\"#ffffff\" width=\"501\"><span style=\"color: #00000a;\"><span style=\"font-size: medium;\"><span style=\"font-family: Times New Roman, serif;\"><b>LE\u015aNY J\u00f3zef Tomasz<\/b><\/span><\/span><\/span><\/p>\n<p><span style=\"color: #00000a;\"><span style=\"font-size: medium;\"><span style=\"font-family: Times New Roman, serif;\">zg\u0142oszony przez KWW MICHA\u0141A KRASZKIEWICZA<\/span><\/span><\/span><\/p>\n<p><span style=\"color: #00000a;\"><span style=\"font-size: medium;\"><span style=\"font-family: Times New Roman, serif;\">Liczba g\u0142os\u00f3w \u2013 213<\/span><\/span><\/span><\/p>\n<p><span style=\"color: #00000a;\"><span style=\"font-size: medium;\"><span style=\"font-family: Times New Roman, serif;\"><b>KANDYDAT UZYSKA\u0141 MANDAT<\/b><\/span><\/span><\/span><\/td>\n<\/tr>\n<tr valign=\"TOP\">\n<td bgcolor=\"#ffffff\" width=\"32\" height=\"18\"><\/td>\n<\/tr>\n<tr>\n<td colspan=\"2\" valign=\"TOP\" bgcolor=\"#ffffff\" width=\"535\"><\/td>\n<\/tr>\n<tr valign=\"TOP\">\n<td bgcolor=\"#ffffff\" width=\"32\">\n<p align=\"RIGHT\"><span style=\"color: #00000a;\"><span style=\"font-size: medium;\"><span style=\"font-family: Times New Roman, serif;\"><b>2.<\/b><\/span><\/span><\/span><\/p>\n<\/td>\n<td bgcolor=\"#ffffff\" width=\"501\"><span style=\"color: #00000a;\"><span style=\"font-size: medium;\"><span style=\"font-family: Times New Roman, serif;\"><b>SZTR\u0104PF Jolanta Zofia<\/b><\/span><\/span><\/span><\/p>\n<p><span style=\"color: #00000a;\"><span style=\"font-size: medium;\"><span style=\"font-family: Times New Roman, serif;\">zg\u0142oszona przez KWW AKTYWNA GMINA &#8211; JOLANTA SZTR\u0104PF<\/span><\/span><\/span><\/p>\n<p><span style=\"color: #00000a;\"><span style=\"font-size: medium;\"><span style=\"font-family: Times New Roman, serif;\">Liczba g\u0142os\u00f3w &#8211; 121 <\/span><\/span><\/span><\/td>\n<\/tr>\n<\/tbody>\n<\/table>\n<\/dd>\n<\/dl>\n<dl>\n<dd>\n<table border=\"0\" width=\"537\" cellspacing=\"0\" cellpadding=\"1\">\n<tbody>\n<tr>\n<td colspan=\"2\" valign=\"TOP\" bgcolor=\"#ffffff\" width=\"535\"><span style=\"color: #00000a;\"><span style=\"font-size: medium;\"><span style=\"font-family: Times New Roman, serif;\"><span style=\"font-size: large;\"><u><b>Okr\u0119g wyborczy Nr 6<\/b><\/u><\/span><\/span><span style=\"font-family: Times New Roman, serif;\"><span style=\"font-size: large;\"> &#8211; <\/span><\/span><span style=\"font-family: Times New Roman, serif;\">Kolonia Kokanin, Skarszewek, Bork\u00f3w Nowy, Koronka<\/span><\/span><\/span><\/td>\n<\/tr>\n<tr valign=\"TOP\">\n<td bgcolor=\"#ffffff\" width=\"32\">\n<p align=\"RIGHT\"><span style=\"color: #00000a;\"><span style=\"font-size: medium;\"><span style=\"font-family: Times New Roman, serif;\"><b>1.<\/b><\/span><\/span><\/span><\/p>\n<\/td>\n<td rowspan=\"2\" bgcolor=\"#ffffff\" width=\"501\"><span style=\"color: #00000a;\"><span style=\"font-size: medium;\"><span style=\"font-family: Times New Roman, serif;\"><b>BEDNAREK Piotr Pawe\u0142<\/b><\/span><\/span><\/span><\/p>\n<p><span style=\"color: #00000a;\"><span style=\"font-size: medium;\"><span style=\"font-family: Times New Roman, serif;\">zg\u0142oszony przez KWW MICHA\u0141A KRASZKIEWICZA<\/span><\/span><\/span><\/p>\n<p><span style=\"color: #00000a;\"><span style=\"font-size: medium;\"><span style=\"font-family: Times New Roman, serif;\">Liczba g\u0142os\u00f3w \u2013 170<\/span><\/span><\/span><\/p>\n<p><span style=\"color: #00000a;\"><span style=\"font-size: medium;\"><span style=\"font-family: Times New Roman, serif;\"><b>KANDYDAT UZYSKA\u0141 MANDAT<\/b><\/span><\/span><\/span><\/td>\n<\/tr>\n<tr valign=\"TOP\">\n<td bgcolor=\"#ffffff\" width=\"32\" height=\"18\"><\/td>\n<\/tr>\n<tr>\n<td colspan=\"2\" valign=\"TOP\" bgcolor=\"#ffffff\" width=\"535\"><\/td>\n<\/tr>\n<tr valign=\"TOP\">\n<td bgcolor=\"#ffffff\" width=\"32\">\n<p align=\"RIGHT\"><span style=\"color: #00000a;\"><span style=\"font-size: medium;\"><span style=\"font-family: Times New Roman, serif;\"><b>2.<\/b><\/span><\/span><\/span><\/p>\n<\/td>\n<td bgcolor=\"#ffffff\" width=\"501\"><span style=\"color: #00000a;\"><span style=\"font-size: medium;\"><span style=\"font-family: Times New Roman, serif;\"><b>KRASZKIEWICZ Wies\u0142aw Jan<\/b><\/span><\/span><\/span><\/p>\n<p><span style=\"color: #00000a;\"><span style=\"font-size: medium;\"><span style=\"font-family: Times New Roman, serif;\">zg\u0142oszony przez KWW SYLWIUSZA JAKUBOWSKIEGO<\/span><\/span><\/span><\/p>\n<p><span style=\"color: #00000a;\"><span style=\"font-size: medium;\"><span style=\"font-family: Times New Roman, serif;\">Liczba g\u0142os\u00f3w &#8211; 126<\/span><\/span><\/span><\/td>\n<\/tr>\n<\/tbody>\n<\/table>\n<\/dd>\n<\/dl>\n<dl>\n<dd>\n<table border=\"0\" width=\"537\" cellspacing=\"0\" cellpadding=\"1\">\n<tbody>\n<tr>\n<td colspan=\"2\" valign=\"TOP\" bgcolor=\"#ffffff\" width=\"535\"><span style=\"color: #00000a;\"><span style=\"font-size: medium;\"><span style=\"font-family: Times New Roman, serif;\"><span style=\"font-size: large;\"><u><b>Okr\u0119g wyborczy Nr 7<\/b><\/u><\/span><\/span><span style=\"font-family: Times New Roman, serif;\"> &#8211; P\u00f3lko, Szosa Turecka<\/span><\/span><\/span><\/td>\n<\/tr>\n<tr>\n<td colspan=\"2\" valign=\"TOP\" bgcolor=\"#ffffff\" width=\"535\"><\/td>\n<\/tr>\n<tr valign=\"TOP\">\n<td bgcolor=\"#ffffff\" width=\"32\">\n<p align=\"RIGHT\"><span style=\"color: #00000a;\"><span style=\"font-size: medium;\"><span style=\"font-family: Times New Roman, serif;\"><b>1.<\/b><\/span><\/span><\/span><\/p>\n<\/td>\n<td rowspan=\"2\" bgcolor=\"#ffffff\" width=\"501\"><span style=\"color: #00000a;\"><span style=\"font-size: medium;\"><span style=\"font-family: Times New Roman, serif;\"><b>PIORUN S\u0142awomir Bart\u0142omiej<\/b><\/span><\/span><\/span><\/p>\n<p><span style=\"color: #00000a;\"><span style=\"font-size: medium;\"><span style=\"font-family: Times New Roman, serif;\">zg\u0142oszony przez KWW MICHA\u0141A KRASZKIEWICZA<\/span><\/span><\/span><\/p>\n<p><span style=\"color: #00000a;\"><span style=\"font-size: medium;\"><span style=\"font-family: Times New Roman, serif;\">Liczba g\u0142os\u00f3w \u2013 106<\/span><\/span><\/span><\/p>\n<p><span style=\"color: #00000a;\"><span style=\"font-size: medium;\"><span style=\"font-family: Times New Roman, serif;\"><b>KANDYDAT UZYSKA\u0141 MANDAT <\/b><\/span><\/span><\/span><\/td>\n<\/tr>\n<tr valign=\"TOP\">\n<td bgcolor=\"#ffffff\" width=\"32\" height=\"18\"><\/td>\n<\/tr>\n<tr>\n<td colspan=\"2\" valign=\"TOP\" bgcolor=\"#ffffff\" width=\"535\"><\/td>\n<\/tr>\n<tr valign=\"TOP\">\n<td bgcolor=\"#ffffff\" width=\"32\">\n<p align=\"RIGHT\"><span style=\"color: #00000a;\"><span style=\"font-size: medium;\"><span style=\"font-family: Times New Roman, serif;\"><b>2.<\/b><\/span><\/span><\/span><\/p>\n<\/td>\n<td bgcolor=\"#ffffff\" width=\"501\"><span style=\"color: #00000a;\"><span style=\"font-size: medium;\"><span style=\"font-family: Times New Roman, serif;\"><b>WIECZOREK Iwona Ewa<\/b><\/span><\/span><\/span><\/p>\n<p><span style=\"color: #00000a;\"><span style=\"font-size: medium;\"><span style=\"font-family: Times New Roman, serif;\">zg\u0142oszona przez KWW RAZEM MO\u017bEMY WI\u0118CEJ IWONA WIECZOREK<\/span><\/span><\/span><\/p>\n<p><span style=\"color: #00000a;\"><span style=\"font-size: medium;\"><span style=\"font-family: Times New Roman, serif;\">Liczba g\u0142os\u00f3w &#8211; 89<\/span><\/span><\/span><\/td>\n<\/tr>\n<\/tbody>\n<\/table>\n<\/dd>\n<\/dl>\n<dl>\n<dd>\n<table border=\"0\" width=\"537\" cellspacing=\"0\" cellpadding=\"1\">\n<tbody>\n<tr>\n<td colspan=\"2\" valign=\"TOP\" bgcolor=\"#ffffff\" width=\"535\"><span style=\"color: #00000a;\"><span style=\"font-size: medium;\"><span style=\"font-family: Times New Roman, serif;\"><span style=\"font-size: large;\"><u><b>Okr\u0119g wyborczy Nr 8<\/b><\/u><\/span><\/span><span style=\"font-family: Times New Roman, serif;\"><b> \u2013 <\/b><\/span><span style=\"font-family: Times New Roman, serif;\">Russ\u00f3w, Bork\u00f3w Stary, Russ\u00f3wek<\/span><\/span><\/span><\/td>\n<\/tr>\n<tr valign=\"TOP\">\n<td bgcolor=\"#ffffff\" width=\"32\">\n<p align=\"RIGHT\"><span style=\"color: #00000a;\"><span style=\"font-size: medium;\"><span style=\"font-family: Times New Roman, serif;\"><b>1.<\/b><\/span><\/span><\/span><\/p>\n<\/td>\n<td rowspan=\"2\" bgcolor=\"#ffffff\" width=\"501\"><span style=\"color: #00000a;\"><span style=\"font-size: medium;\"><span style=\"font-family: Times New Roman, serif;\"><b>W\u0104SIEWICZ Anna Monika<\/b><\/span><\/span><\/span><\/p>\n<p><span style=\"color: #00000a;\"><span style=\"font-size: medium;\"><span style=\"font-family: Times New Roman, serif;\">zg\u0142oszona przez KWW GMINNA PRAWICA<\/span><\/span><\/span><\/p>\n<p><span style=\"color: #00000a;\"><span style=\"font-size: medium;\"><span style=\"font-family: Times New Roman, serif;\">Liczba g\u0142os\u00f3w \u2013 122<\/span><\/span><\/span><\/p>\n<p><span style=\"color: #00000a;\"><span style=\"font-size: medium;\"><span style=\"font-family: Times New Roman, serif;\"><b>KANDYDATKA UZYSKA\u0141A MANDAT<\/b><\/span><\/span><\/span><\/td>\n<\/tr>\n<tr valign=\"TOP\">\n<td bgcolor=\"#ffffff\" width=\"32\" height=\"18\"><\/td>\n<\/tr>\n<tr>\n<td colspan=\"2\" valign=\"TOP\" bgcolor=\"#ffffff\" width=\"535\"><\/td>\n<\/tr>\n<tr valign=\"TOP\">\n<td bgcolor=\"#ffffff\" width=\"32\">\n<p align=\"RIGHT\"><span style=\"color: #00000a;\"><span style=\"font-size: medium;\"><span style=\"font-family: Times New Roman, serif;\"><b>2.<\/b><\/span><\/span><\/span><\/p>\n<\/td>\n<td rowspan=\"2\" bgcolor=\"#ffffff\" width=\"501\"><span style=\"color: #00000a;\"><span style=\"font-size: medium;\"><span style=\"font-family: Times New Roman, serif;\"><b>KIJ Joanna El\u017cbieta<\/b><\/span><\/span><\/span><\/p>\n<p><span style=\"color: #00000a;\"><span style=\"font-size: medium;\"><span style=\"font-family: Times New Roman, serif;\">zg\u0142oszona przez KWW MICHA\u0141A KRASZKIEWICZA<\/span><\/span><\/span><\/p>\n<p><span style=\"color: #00000a;\"><span style=\"font-size: medium;\"><span style=\"font-family: Times New Roman, serif;\">Liczba g\u0142os\u00f3w &#8211; 107<\/span><\/span><\/span><\/td>\n<\/tr>\n<tr valign=\"TOP\">\n<td bgcolor=\"#ffffff\" width=\"32\" height=\"18\"><\/td>\n<\/tr>\n<tr>\n<td colspan=\"2\" valign=\"TOP\" bgcolor=\"#ffffff\" width=\"535\"><\/td>\n<\/tr>\n<tr valign=\"TOP\">\n<td bgcolor=\"#ffffff\" width=\"32\">\n<p align=\"RIGHT\"><span style=\"color: #00000a;\"><span style=\"font-size: medium;\"><span style=\"font-family: Times New Roman, serif;\"><b>3.<\/b><\/span><\/span><\/span><\/p>\n<\/td>\n<td bgcolor=\"#ffffff\" width=\"501\"><span style=\"color: #00000a;\"><span style=\"font-size: medium;\"><span style=\"font-family: Times New Roman, serif;\"><b>SZWAJKOWSKI Stanis\u0142aw Krzysztof<\/b><\/span><\/span><\/span><\/p>\n<p><span style=\"color: #00000a;\"><span style=\"font-size: medium;\"><span style=\"font-family: Times New Roman, serif;\">zg\u0142oszony przez KWW SYLWIUSZA JAKUBOWSKIEGO<\/span><\/span><\/span><\/p>\n<p><span style=\"color: #00000a;\"><span style=\"font-size: medium;\"><span style=\"font-family: Times New Roman, serif;\">Liczba g\u0142os\u00f3w &#8211; 71<\/span><\/span><\/span><\/td>\n<\/tr>\n<\/tbody>\n<\/table>\n<\/dd>\n<\/dl>\n<dl>\n<dd>\n<table border=\"0\" width=\"537\" cellspacing=\"0\" cellpadding=\"1\">\n<tbody>\n<tr>\n<td colspan=\"2\" valign=\"TOP\" bgcolor=\"#ffffff\" width=\"535\"><span style=\"color: #00000a;\"><span style=\"font-size: medium;\"><span style=\"font-family: Times New Roman, serif;\"><span style=\"font-size: large;\"><u><b>Okr\u0119g wyborczy Nr 9<\/b><\/u><\/span><\/span><b> <\/b><span style=\"font-family: Times New Roman, serif;\">&#8211; Skarszew<\/span><\/span><\/span><\/td>\n<\/tr>\n<tr valign=\"TOP\">\n<td bgcolor=\"#ffffff\" width=\"32\">\n<p align=\"RIGHT\"><span style=\"color: #00000a;\"><span style=\"font-size: medium;\"><span style=\"font-family: Times New Roman, serif;\"><b>1.<\/b><\/span><\/span><\/span><\/p>\n<\/td>\n<td rowspan=\"2\" bgcolor=\"#ffffff\" width=\"501\"><span style=\"color: #00000a;\"><span style=\"font-size: medium;\"><span style=\"font-family: Times New Roman, serif;\"><b>ZYDOREK Robert Micha\u0142<\/b><\/span><\/span><\/span><\/p>\n<p><span style=\"color: #00000a;\"><span style=\"font-size: medium;\"><span style=\"font-family: Times New Roman, serif;\">zg\u0142oszony przez KWW GMINNA PRAWICA<\/span><\/span><\/span><\/p>\n<p><span style=\"color: #00000a;\"><span style=\"font-size: medium;\"><span style=\"font-family: Times New Roman, serif;\">Liczba g\u0142os\u00f3w &#8211; 92<\/span><\/span><\/span><\/td>\n<\/tr>\n<tr valign=\"TOP\">\n<td bgcolor=\"#ffffff\" width=\"32\" height=\"18\"><\/td>\n<\/tr>\n<tr>\n<td colspan=\"2\" valign=\"TOP\" bgcolor=\"#ffffff\" width=\"535\"><\/td>\n<\/tr>\n<tr valign=\"TOP\">\n<td bgcolor=\"#ffffff\" width=\"32\">\n<p align=\"RIGHT\"><span style=\"color: #00000a;\"><span style=\"font-size: medium;\"><span style=\"font-family: Times New Roman, serif;\"><b>2.<\/b><\/span><\/span><\/span><\/p>\n<\/td>\n<td bgcolor=\"#ffffff\" width=\"501\"><span style=\"color: #00000a;\"><span style=\"font-size: medium;\"><span style=\"font-family: Times New Roman, serif;\"><b>GRZELAK Jacek Adam<\/b><\/span><\/span><\/span><\/p>\n<p><span style=\"color: #00000a;\"><span style=\"font-size: medium;\"><span style=\"font-family: Times New Roman, serif;\">zg\u0142oszony przez KWW MICHA\u0141A KRASZKIEWICZA<\/span><\/span><\/span><\/p>\n<p><span style=\"color: #00000a;\"><span style=\"font-size: medium;\"><span style=\"font-family: Times New Roman, serif;\">Liczba g\u0142os\u00f3w \u2013 140<\/span><\/span><\/span><\/p>\n<p><span style=\"color: #00000a;\"><span style=\"font-size: medium;\"><span style=\"font-family: Times New Roman, serif;\"><b>KANDYDAT UZYSKA\u0141 MANDAT<\/b><\/span><\/span><\/span><\/td>\n<\/tr>\n<\/tbody>\n<\/table>\n<\/dd>\n<\/dl>\n<dl>\n<dd>\n<table border=\"0\" width=\"537\" cellspacing=\"0\" cellpadding=\"1\">\n<tbody>\n<tr>\n<td colspan=\"2\" valign=\"TOP\" bgcolor=\"#ffffff\" width=\"535\"><span style=\"color: #00000a;\"><span style=\"font-size: medium;\"><span style=\"font-family: Times New Roman, serif;\"><span style=\"font-size: large;\"><u><b>Okr\u0119g wyborczy Nr 10<\/b><\/u><\/span><\/span><b> <\/b><span style=\"font-family: Times New Roman, serif;\">\u2013 Kolonia Skarszewek<\/span><\/span><\/span><\/td>\n<\/tr>\n<tr valign=\"TOP\">\n<td bgcolor=\"#ffffff\" width=\"32\">\n<p align=\"RIGHT\"><span style=\"color: #00000a;\"><span style=\"font-size: medium;\"><span style=\"font-family: Times New Roman, serif;\"><b>1.<\/b><\/span><\/span><\/span><\/p>\n<\/td>\n<td rowspan=\"2\" bgcolor=\"#ffffff\" width=\"501\"><span style=\"color: #00000a;\"><span style=\"font-size: medium;\"><span style=\"font-family: Times New Roman, serif;\"><b>JUSZCZAK Stanis\u0142aw<\/b><\/span><\/span><\/span><\/p>\n<p><span style=\"color: #00000a;\"><span style=\"font-size: medium;\"><span style=\"font-family: Times New Roman, serif;\">zg\u0142oszony przez KWW GMINNA PRAWICA<\/span><\/span><\/span><\/p>\n<p><span style=\"color: #00000a;\"><span style=\"font-size: medium;\"><span style=\"font-family: Times New Roman, serif;\">Liczba g\u0142os\u00f3w &#8211; 51<\/span><\/span><\/span><\/td>\n<\/tr>\n<tr valign=\"TOP\">\n<td bgcolor=\"#ffffff\" width=\"32\" height=\"18\"><\/td>\n<\/tr>\n<tr>\n<td colspan=\"2\" valign=\"TOP\" bgcolor=\"#ffffff\" width=\"535\"><\/td>\n<\/tr>\n<tr valign=\"TOP\">\n<td bgcolor=\"#ffffff\" width=\"32\">\n<p align=\"RIGHT\"><span style=\"color: #00000a;\"><span style=\"font-size: medium;\"><span style=\"font-family: Times New Roman, serif;\"><b>2.<\/b><\/span><\/span><\/span><\/p>\n<\/td>\n<td rowspan=\"2\" bgcolor=\"#ffffff\" width=\"501\"><span style=\"color: #00000a;\"><span style=\"font-size: medium;\"><span style=\"font-family: Times New Roman, serif;\"><b>KRYSIAK Karolina<\/b><\/span><\/span><\/span><\/p>\n<p><span style=\"color: #00000a;\"><span style=\"font-size: medium;\"><span style=\"font-family: Times New Roman, serif;\">zg\u0142oszona przez KWW MICHA\u0141A KRASZKIEWICZA<\/span><\/span><\/span><\/p>\n<p><span style=\"color: #00000a;\"><span style=\"font-size: medium;\"><span style=\"font-family: Times New Roman, serif;\">Liczba g\u0142os\u00f3w \u2013 89<\/span><\/span><\/span><\/p>\n<p><span style=\"color: #00000a;\"><span style=\"font-size: medium;\"><span style=\"font-family: Times New Roman, serif;\"><b>KANDYDATKA UZYSKA\u0141A MANDAT<\/b><\/span><\/span><\/span><\/td>\n<\/tr>\n<tr valign=\"TOP\">\n<td bgcolor=\"#ffffff\" width=\"32\" height=\"18\"><\/td>\n<\/tr>\n<tr>\n<td colspan=\"2\" valign=\"TOP\" bgcolor=\"#ffffff\" width=\"535\"><\/td>\n<\/tr>\n<tr valign=\"TOP\">\n<td bgcolor=\"#ffffff\" width=\"32\">\n<p align=\"RIGHT\"><span style=\"color: #00000a;\"><span style=\"font-size: medium;\"><span style=\"font-family: Times New Roman, serif;\"><b>3.<\/b><\/span><\/span><\/span><\/p>\n<\/td>\n<td bgcolor=\"#ffffff\" width=\"501\"><span style=\"color: #00000a;\"><span style=\"font-size: medium;\"><span style=\"font-family: Times New Roman, serif;\"><b>J\u00d3ZEFIAK Ziemowit Tomasz<\/b><\/span><\/span><\/span><\/p>\n<p><span style=\"color: #00000a;\"><span style=\"font-size: medium;\"><span style=\"font-family: Times New Roman, serif;\">zg\u0142oszony przez KWW CZAS NA ROZW\u00d3J KOLONII SKARSZEWEK<\/span><\/span><\/span><\/p>\n<p><span style=\"color: #00000a;\"><span style=\"font-size: medium;\"><span style=\"font-family: Times New Roman, serif;\">Liczba g\u0142os\u00f3w &#8211; 86<\/span><\/span><\/span><\/td>\n<\/tr>\n<\/tbody>\n<\/table>\n<\/dd>\n<\/dl>\n<dl>\n<dd>\n<table border=\"0\" width=\"537\" cellspacing=\"0\" cellpadding=\"1\">\n<tbody>\n<tr>\n<td colspan=\"2\" valign=\"TOP\" bgcolor=\"#ffffff\" width=\"535\"><span style=\"color: #00000a;\"><span style=\"font-size: medium;\"><span style=\"font-family: Times New Roman, serif;\"><span style=\"font-size: large;\"><u><b>Okr\u0119g wyborczy Nr 11<\/b><\/u><\/span><\/span><span style=\"font-family: Times New Roman, serif;\"><b> \u2013 <\/b><\/span><span style=\"font-family: Times New Roman, serif;\">Tykad\u0142\u00f3w, Helen\u00f3w, Witold\u00f3w, Anielin, Micha\u0142\u00f3w<\/span><\/span><\/span><\/td>\n<\/tr>\n<tr valign=\"TOP\">\n<td bgcolor=\"#ffffff\" width=\"32\">\n<p align=\"RIGHT\"><span style=\"color: #00000a;\"><span style=\"font-size: medium;\"><span style=\"font-family: Times New Roman, serif;\"><b>1.<\/b><\/span><\/span><\/span><\/p>\n<\/td>\n<td rowspan=\"2\" bgcolor=\"#ffffff\" width=\"501\"><span style=\"color: #00000a;\"><span style=\"font-size: medium;\"><span style=\"font-family: Times New Roman, serif;\"><b>KLISOWSKI Roman J\u00f3zef<\/b><\/span><\/span><\/span><\/p>\n<p><span style=\"color: #00000a;\"><span style=\"font-size: medium;\"><span style=\"font-family: Times New Roman, serif;\">zg\u0142oszony przez KKW KOALICJA OBYWATELSKA<\/span><\/span><\/span><\/p>\n<p><span style=\"color: #00000a;\"><span style=\"font-size: medium;\"><span style=\"font-family: Times New Roman, serif;\">Liczba g\u0142os\u00f3w \u2013 89<\/span><\/span><\/span><\/p>\n<p><span style=\"color: #00000a;\"><span style=\"font-size: medium;\"><span style=\"font-family: Times New Roman, serif;\"><b>KANDYDAT UZYSKA\u0141 MANDAT<\/b><\/span><\/span><\/span><\/td>\n<\/tr>\n<tr valign=\"TOP\">\n<td bgcolor=\"#ffffff\" width=\"32\" height=\"18\"><\/td>\n<\/tr>\n<tr>\n<td colspan=\"2\" valign=\"TOP\" bgcolor=\"#ffffff\" width=\"535\"><\/td>\n<\/tr>\n<tr valign=\"TOP\">\n<td bgcolor=\"#ffffff\" width=\"32\">\n<p align=\"RIGHT\"><span style=\"color: #00000a;\"><span style=\"font-size: medium;\"><span style=\"font-family: Times New Roman, serif;\"><b>2.<\/b><\/span><\/span><\/span><\/p>\n<\/td>\n<td rowspan=\"2\" bgcolor=\"#ffffff\" width=\"501\"><span style=\"color: #00000a;\"><span style=\"font-size: medium;\"><span style=\"font-family: Times New Roman, serif;\"><b>MARGIELA Jolanta Maria<\/b><\/span><\/span><\/span><\/p>\n<p><span style=\"color: #00000a;\"><span style=\"font-size: medium;\"><span style=\"font-family: Times New Roman, serif;\">zg\u0142oszona przez KWW GMINNA PRAWICA<\/span><\/span><\/span><\/p>\n<p><span style=\"color: #00000a;\"><span style=\"font-size: medium;\"><span style=\"font-family: Times New Roman, serif;\">Liczba g\u0142os\u00f3w &#8211; 51<\/span><\/span><\/span><\/td>\n<\/tr>\n<tr valign=\"TOP\">\n<td bgcolor=\"#ffffff\" width=\"32\" height=\"18\"><\/td>\n<\/tr>\n<tr>\n<td colspan=\"2\" valign=\"TOP\" bgcolor=\"#ffffff\" width=\"535\"><\/td>\n<\/tr>\n<tr valign=\"TOP\">\n<td bgcolor=\"#ffffff\" width=\"32\">\n<p align=\"RIGHT\"><span style=\"color: #00000a;\"><span style=\"font-size: medium;\"><span style=\"font-family: Times New Roman, serif;\"><b>3.<\/b><\/span><\/span><\/span><\/p>\n<\/td>\n<td rowspan=\"2\" bgcolor=\"#ffffff\" width=\"501\"><span style=\"color: #00000a;\"><span style=\"font-size: medium;\"><span style=\"font-family: Times New Roman, serif;\"><b>KO\u0141ODZIEJCZAK Ma\u0142gorzata Ewelina<\/b><\/span><\/span><\/span><\/p>\n<p><span style=\"color: #00000a;\"><span style=\"font-size: medium;\"><span style=\"font-family: Times New Roman, serif;\">zg\u0142oszona przez KWW MA\u0141GORZATA KO\u0141ODZIEJCZAK<\/span><\/span><\/span><\/p>\n<p><span style=\"color: #00000a;\"><span style=\"font-size: medium;\"><span style=\"font-family: Times New Roman, serif;\">Liczba g\u0142os\u00f3w &#8211; 71<\/span><\/span><\/span><\/td>\n<\/tr>\n<tr valign=\"TOP\">\n<td bgcolor=\"#ffffff\" width=\"32\" height=\"18\"><\/td>\n<\/tr>\n<tr>\n<td colspan=\"2\" valign=\"TOP\" bgcolor=\"#ffffff\" width=\"535\"><\/td>\n<\/tr>\n<tr valign=\"TOP\">\n<td bgcolor=\"#ffffff\" width=\"32\">\n<p align=\"RIGHT\"><span style=\"color: #00000a;\"><span style=\"font-size: medium;\"><span style=\"font-family: Times New Roman, serif;\"><b>4.<\/b><\/span><\/span><\/span><\/p>\n<\/td>\n<td rowspan=\"2\" bgcolor=\"#ffffff\" width=\"501\"><span style=\"color: #00000a;\"><span style=\"font-size: medium;\"><span style=\"font-family: Times New Roman, serif;\"><b>DUDEK Jolanta<\/b><\/span><\/span><\/span><\/p>\n<p><span style=\"color: #00000a;\"><span style=\"font-size: medium;\"><span style=\"font-family: Times New Roman, serif;\">zg\u0142oszona przez KWW JOLANTY DUDEK<\/span><\/span><\/span><\/p>\n<p><span style=\"color: #00000a;\"><span style=\"font-size: medium;\"><span style=\"font-family: Times New Roman, serif;\">Liczba g\u0142os\u00f3w &#8211; 40<\/span><\/span><\/span><\/td>\n<\/tr>\n<tr valign=\"TOP\">\n<td bgcolor=\"#ffffff\" width=\"32\" height=\"18\"><\/td>\n<\/tr>\n<tr>\n<td colspan=\"2\" valign=\"TOP\" bgcolor=\"#ffffff\" width=\"535\"><\/td>\n<\/tr>\n<tr valign=\"TOP\">\n<td bgcolor=\"#ffffff\" width=\"32\">\n<p align=\"RIGHT\"><span style=\"color: #00000a;\"><span style=\"font-size: medium;\"><span style=\"font-family: Times New Roman, serif;\"><b>5.<\/b><\/span><\/span><\/span><\/p>\n<\/td>\n<td bgcolor=\"#ffffff\" width=\"501\"><span style=\"color: #00000a;\"><span style=\"font-size: medium;\"><span style=\"font-family: Times New Roman, serif;\"><b>GA\u0141CZY\u0143SKI Rafa\u0142<\/b><\/span><\/span><\/span><\/p>\n<p><span style=\"color: #00000a;\"><span style=\"font-size: medium;\"><span style=\"font-family: Times New Roman, serif;\">zg\u0142oszony przez KWW RAFA\u0141 GA\u0141CZY\u0143SKI<\/span><\/span><\/span><\/p>\n<p><span style=\"color: #00000a;\"><span style=\"font-size: medium;\"><span style=\"font-family: Times New Roman, serif;\">Liczba g\u0142os\u00f3w &#8211; 37<\/span><\/span><\/span><\/td>\n<\/tr>\n<\/tbody>\n<\/table>\n<\/dd>\n<\/dl>\n<dl>\n<dd>\n<table border=\"0\" width=\"537\" cellspacing=\"0\" cellpadding=\"1\">\n<tbody>\n<tr>\n<td colspan=\"2\" valign=\"TOP\" bgcolor=\"#ffffff\" width=\"535\"><span style=\"color: #00000a;\"><span style=\"font-size: medium;\"><span style=\"font-family: Times New Roman, serif;\"><span style=\"font-size: large;\"><u><b>Okr\u0119g wyborczy Nr 12<\/b><\/u><\/span><\/span><b> <\/b><span style=\"font-family: Times New Roman, serif;\">\u2013 Jank\u00f3w, Z\u0142otniki Wielkie, Z\u0142otniki Ma\u0142e, G\u00f3ry Z\u0142otnickie, Strugi<\/span><\/span><\/span><\/td>\n<\/tr>\n<tr valign=\"TOP\">\n<td bgcolor=\"#ffffff\" width=\"32\">\n<p align=\"RIGHT\"><span style=\"color: #00000a;\"><span style=\"font-size: medium;\"><span style=\"font-family: Times New Roman, serif;\"><b>1.<\/b><\/span><\/span><\/span><\/p>\n<\/td>\n<td rowspan=\"2\" bgcolor=\"#ffffff\" width=\"501\"><span style=\"color: #00000a;\"><span style=\"font-size: medium;\"><span style=\"font-family: Times New Roman, serif;\"><b>URBANIAK Jadwiga Stanis\u0142awa<\/b><\/span><\/span><\/span><\/p>\n<p><span style=\"color: #00000a;\"><span style=\"font-size: medium;\"><span style=\"font-family: Times New Roman, serif;\">zg\u0142oszona przez KWW GMINNA PRAWICA<\/span><\/span><\/span><\/p>\n<p><span style=\"color: #00000a;\"><span style=\"font-size: medium;\"><span style=\"font-family: Times New Roman, serif;\">Liczba g\u0142os\u00f3w &#8211; 110<\/span><\/span><\/span><\/td>\n<\/tr>\n<tr valign=\"TOP\">\n<td bgcolor=\"#ffffff\" width=\"32\" height=\"18\"><\/td>\n<\/tr>\n<tr>\n<td colspan=\"2\" valign=\"TOP\" bgcolor=\"#ffffff\" width=\"535\"><\/td>\n<\/tr>\n<tr valign=\"TOP\">\n<td bgcolor=\"#ffffff\" width=\"32\">\n<p align=\"RIGHT\"><span style=\"color: #00000a;\"><span style=\"font-size: medium;\"><span style=\"font-family: Times New Roman, serif;\"><b>2.<\/b><\/span><\/span><\/span><\/p>\n<\/td>\n<td bgcolor=\"#ffffff\" width=\"501\"><span style=\"color: #00000a;\"><span style=\"font-size: medium;\"><span style=\"font-family: Times New Roman, serif;\"><b>JANIK Barbara Renata<\/b><\/span><\/span><\/span><\/p>\n<p><span style=\"color: #00000a;\"><span style=\"font-size: medium;\"><span style=\"font-family: Times New Roman, serif;\">zg\u0142oszona przez KWW MICHA\u0141A KRASZKIEWICZA<\/span><\/span><\/span><\/p>\n<p><span style=\"color: #00000a;\"><span style=\"font-size: medium;\"><span style=\"font-family: Times New Roman, serif;\">Liczba g\u0142os\u00f3w \u2013 204<\/span><\/span><\/span><\/p>\n<p><span style=\"color: #00000a;\"><span style=\"font-size: medium;\"><span style=\"font-family: Times New Roman, serif;\"><b>KANDYDATKA UZYSKA\u0141A MANDAT<\/b><\/span><\/span><\/span><\/td>\n<\/tr>\n<\/tbody>\n<\/table>\n<\/dd>\n<\/dl>\n<dl>\n<dd>\n<table border=\"0\" width=\"537\" cellspacing=\"0\" cellpadding=\"1\">\n<tbody>\n<tr>\n<td colspan=\"2\" valign=\"TOP\" bgcolor=\"#ffffff\" width=\"535\"><span style=\"color: #00000a;\"><span style=\"font-size: medium;\"><span style=\"font-family: Times New Roman, serif;\"><span style=\"font-size: large;\"><u><b>Okr\u0119g wyborczy Nr 13<\/b><\/u><\/span><\/span><b> <\/b><span style=\"font-family: Times New Roman, serif;\">\u2013<\/span><b> <\/b><span style=\"font-family: Times New Roman, serif;\">Czartki, Zbor\u00f3w, G\u00f3ry Zborowskie<\/span><\/span><\/span><\/td>\n<\/tr>\n<tr valign=\"TOP\">\n<td bgcolor=\"#ffffff\" width=\"32\">\n<p align=\"RIGHT\"><span style=\"color: #00000a;\"><span style=\"font-size: medium;\"><span style=\"font-family: Times New Roman, serif;\"><b>1.<\/b><\/span><\/span><\/span><\/p>\n<\/td>\n<td rowspan=\"2\" bgcolor=\"#ffffff\" width=\"501\"><span style=\"color: #00000a;\"><span style=\"font-size: medium;\"><span style=\"font-family: Times New Roman, serif;\"><b>OLEJNICZAK Danuta Elwira<\/b><\/span><\/span><\/span><\/p>\n<p><span style=\"color: #00000a;\"><span style=\"font-size: medium;\"><span style=\"font-family: Times New Roman, serif;\">zg\u0142oszona przez KWW GMINNA PRAWICA<\/span><\/span><\/span><\/p>\n<p><span style=\"color: #00000a;\"><span style=\"font-size: medium;\"><span style=\"font-family: Times New Roman, serif;\">Liczba g\u0142os\u00f3w &#8211; 82<\/span><\/span><\/span><\/td>\n<\/tr>\n<tr valign=\"TOP\">\n<td bgcolor=\"#ffffff\" width=\"32\" height=\"18\"><\/td>\n<\/tr>\n<tr>\n<td colspan=\"2\" valign=\"TOP\" bgcolor=\"#ffffff\" width=\"535\"><\/td>\n<\/tr>\n<tr valign=\"TOP\">\n<td bgcolor=\"#ffffff\" width=\"32\">\n<p align=\"RIGHT\"><span style=\"color: #00000a;\"><span style=\"font-size: medium;\"><span style=\"font-family: Times New Roman, serif;\"><b>2.<\/b><\/span><\/span><\/span><\/p>\n<\/td>\n<td rowspan=\"2\" bgcolor=\"#ffffff\" width=\"501\"><span style=\"color: #00000a;\"><span style=\"font-size: medium;\"><span style=\"font-family: Times New Roman, serif;\"><b>CIERLACZYK Anita Karolina<\/b><\/span><\/span><\/span><\/p>\n<p><span style=\"color: #00000a;\"><span style=\"font-size: medium;\"><span style=\"font-family: Times New Roman, serif;\">zg\u0142oszona przez KWW MICHA\u0141A KRASZKIEWICZA<\/span><\/span><\/span><\/p>\n<p><span style=\"color: #00000a;\"><span style=\"font-size: medium;\"><span style=\"font-family: Times New Roman, serif;\">Liczba g\u0142os\u00f3w &#8211; 104<\/span><\/span><\/span><\/td>\n<\/tr>\n<tr valign=\"TOP\">\n<td bgcolor=\"#ffffff\" width=\"32\" height=\"18\"><\/td>\n<\/tr>\n<tr>\n<td colspan=\"2\" valign=\"TOP\" bgcolor=\"#ffffff\" width=\"535\"><\/td>\n<\/tr>\n<tr valign=\"TOP\">\n<td bgcolor=\"#ffffff\" width=\"32\">\n<p align=\"RIGHT\"><span style=\"color: #00000a;\"><span style=\"font-size: medium;\"><span style=\"font-family: Times New Roman, serif;\"><b>3.<\/b><\/span><\/span><\/span><\/p>\n<\/td>\n<td bgcolor=\"#ffffff\" width=\"501\"><span style=\"color: #00000a;\"><span style=\"font-size: medium;\"><span style=\"font-family: Times New Roman, serif;\"><b>TRZECIAK Czes\u0142aw<\/b><\/span><\/span><\/span><\/p>\n<p><span style=\"color: #00000a;\"><span style=\"font-size: medium;\"><span style=\"font-family: Times New Roman, serif;\">zg\u0142oszony przez KWW CZES\u0141AW TRZECIAK<\/span><\/span><\/span><\/p>\n<p><span style=\"color: #00000a;\"><span style=\"font-size: medium;\"><span style=\"font-family: Times New Roman, serif;\">Liczba g\u0142os\u00f3w &#8211; 112<\/span><\/span><\/span><\/td>\n<\/tr>\n<\/tbody>\n<\/table>\n<\/dd>\n<\/dl>\n<dl>\n<dd>\n<table border=\"0\" width=\"537\" cellspacing=\"0\" cellpadding=\"1\">\n<tbody>\n<tr>\n<td colspan=\"2\" valign=\"TOP\" bgcolor=\"#ffffff\" width=\"535\"><span style=\"color: #00000a;\"><span style=\"font-size: medium;\"><span style=\"font-family: Times New Roman, serif;\"><span style=\"font-size: large;\"><u><b>Okr\u0119g wyborczy Nr 14<\/b><\/u><\/span><\/span><span style=\"font-family: Times New Roman, serif;\"><b> &#8211; <\/b><\/span><span style=\"font-family: Times New Roman, serif;\">\u017belazk\u00f3w<\/span><\/span><\/span><\/td>\n<\/tr>\n<tr valign=\"TOP\">\n<td bgcolor=\"#ffffff\" width=\"32\">\n<p align=\"RIGHT\"><span style=\"color: #00000a;\"><span style=\"font-size: medium;\"><span style=\"font-family: Times New Roman, serif;\"><b>1.<\/b><\/span><\/span><\/span><\/p>\n<\/td>\n<td rowspan=\"2\" bgcolor=\"#ffffff\" width=\"501\"><span style=\"color: #00000a;\"><span style=\"font-size: medium;\"><span style=\"font-family: Times New Roman, serif;\"><b>JANOSZKA Karolina Dorota<\/b><\/span><\/span><\/span><\/p>\n<p><span style=\"color: #00000a;\"><span style=\"font-size: medium;\"><span style=\"font-family: Times New Roman, serif;\">zg\u0142oszona przez KWW GMINNA PRAWICA<\/span><\/span><\/span><\/p>\n<p><span style=\"color: #00000a;\"><span style=\"font-size: medium;\"><span style=\"font-family: Times New Roman, serif;\">Liczba g\u0142os\u00f3w &#8211; 32<\/span><\/span><\/span><\/td>\n<\/tr>\n<tr valign=\"TOP\">\n<td bgcolor=\"#ffffff\" width=\"32\" height=\"18\"><\/td>\n<\/tr>\n<tr>\n<td colspan=\"2\" valign=\"TOP\" bgcolor=\"#ffffff\" width=\"535\"><\/td>\n<\/tr>\n<tr valign=\"TOP\">\n<td bgcolor=\"#ffffff\" width=\"32\">\n<p align=\"RIGHT\"><span style=\"color: #00000a;\"><span style=\"font-size: medium;\"><span style=\"font-family: Times New Roman, serif;\"><b>2.<\/b><\/span><\/span><\/span><\/p>\n<\/td>\n<td bgcolor=\"#ffffff\" width=\"501\"><span style=\"color: #00000a;\"><span style=\"font-size: medium;\"><span style=\"font-family: Times New Roman, serif;\"><b>POPIO\u0141EK Beata<\/b><\/span><\/span><\/span><\/p>\n<p><span style=\"color: #00000a;\"><span style=\"font-size: medium;\"><span style=\"font-family: Times New Roman, serif;\">zg\u0142oszona przez KWW MICHA\u0141A KRASZKIEWICZA<\/span><\/span><\/span><\/p>\n<p><span style=\"color: #00000a;\"><span style=\"font-size: medium;\"><span style=\"font-family: Times New Roman, serif;\">Liczba g\u0142os\u00f3w \u2013 151<\/span><\/span><\/span><\/p>\n<p><span style=\"color: #00000a;\"><span style=\"font-size: medium;\"><span style=\"font-family: Times New Roman, serif;\"><b>KANDYDATKA UZYSKA\u0141A MANDAT<\/b><\/span><\/span><\/span><\/td>\n<\/tr>\n<\/tbody>\n<\/table>\n<\/dd>\n<\/dl>\n<dl>\n<dd>\n<table border=\"0\" width=\"537\" cellspacing=\"0\" cellpadding=\"1\">\n<tbody>\n<tr>\n<td colspan=\"2\" valign=\"TOP\" bgcolor=\"#ffffff\" width=\"535\"><span style=\"color: #00000a;\"><span style=\"font-size: medium;\"><span style=\"font-family: Times New Roman, serif;\"><span style=\"font-size: large;\"><u><b>Okr\u0119g wyborczy Nr 15<\/b><\/u><\/span><\/span><b> <\/b><span style=\"font-family: Times New Roman, serif;\">&#8211; \u017belazk\u00f3w<\/span><\/span><\/span><\/td>\n<\/tr>\n<tr valign=\"TOP\">\n<td bgcolor=\"#ffffff\" width=\"32\">\n<p align=\"RIGHT\"><span style=\"color: #00000a;\"><span style=\"font-size: medium;\"><span style=\"font-family: Times New Roman, serif;\"><b>1.<\/b><\/span><\/span><\/span><\/p>\n<\/td>\n<td rowspan=\"2\" bgcolor=\"#ffffff\" width=\"501\"><span style=\"color: #00000a;\"><span style=\"font-size: medium;\"><span style=\"font-family: Times New Roman, serif;\"><b>GRZESIAK Tomasz Stanis\u0142aw<\/b><\/span><\/span><\/span><\/p>\n<p><span style=\"color: #00000a;\"><span style=\"font-size: medium;\"><span style=\"font-family: Times New Roman, serif;\">zg\u0142oszony przez KWW GMINNA PRAWICA<\/span><\/span><\/span><\/p>\n<p><span style=\"color: #00000a;\"><span style=\"font-size: medium;\"><span style=\"font-family: Times New Roman, serif;\">Liczba g\u0142os\u00f3w &#8211; 48<\/span><\/span><\/span><\/td>\n<\/tr>\n<tr valign=\"TOP\">\n<td bgcolor=\"#ffffff\" width=\"32\" height=\"18\"><\/td>\n<\/tr>\n<tr>\n<td colspan=\"2\" valign=\"TOP\" bgcolor=\"#ffffff\" width=\"535\"><\/td>\n<\/tr>\n<tr valign=\"TOP\">\n<td bgcolor=\"#ffffff\" width=\"32\">\n<p align=\"RIGHT\"><span style=\"color: #00000a;\"><span style=\"font-size: medium;\"><span style=\"font-family: Times New Roman, serif;\"><b>2.<\/b><\/span><\/span><\/span><\/p>\n<\/td>\n<td bgcolor=\"#ffffff\" width=\"501\"><span style=\"color: #00000a;\"><span style=\"font-size: medium;\"><span style=\"font-family: Times New Roman, serif;\"><b>CZERNIEJ Arkadiusz Cezary<\/b><\/span><\/span><\/span><\/p>\n<p><span style=\"color: #00000a;\"><span style=\"font-size: medium;\"><span style=\"font-family: Times New Roman, serif;\">zg\u0142oszony przez KWW MICHA\u0141A KRASZKIEWICZA<\/span><\/span><\/span><\/p>\n<p><span style=\"color: #00000a;\"><span style=\"font-size: medium;\"><span style=\"font-family: Times New Roman, serif;\">Liczba g\u0142os\u00f3w \u2013 155<\/span><\/span><\/span><\/p>\n<p><span style=\"color: #00000a;\"><span style=\"font-size: medium;\"><span style=\"font-family: Times New Roman, serif;\"><b>KANDYDAT UZYSKA\u0141 MANDAT<\/b><\/span><\/span><\/span><\/td>\n<\/tr>\n<\/tbody>\n<\/table>\n<\/dd>\n<\/dl>\n","protected":false},"excerpt":{"rendered":"<p>Szanowni Mieszka\u0144cy Gminy \u017belazk\u00f3w. Przedstawiamy pe\u0142ne wyniki Wybor\u00f3w Samorz\u0105dowych w naszej Gminie. Wybory na W\u00f3jta Gminy \u017belazk\u00f3w\u00a0 \u00a0 \u00a0 \u00a0 \u00a0 \u00a0 \u00a0 \u00a0 \u00a0 \u00a0 \u00a0 \u00a0 \u00a0 \u00a0 \u00a0 \u00a0 \u00a0 \u00a0 \u00a0 \u00a0 \u00a0 \u00a0 \u00a0 \u00a0 \u00a0 \u00a0 \u00a0 \u00a0 \u00a0 \u00a0 \u00a0 \u00a0 \u00a0 \u00a0 \u00a0 \u00a0 \u00a0 \u00a0 \u00a0 [&hellip;]<\/p>\n","protected":false},"author":6,"featured_media":7779,"comment_status":"closed","ping_status":"closed","sticky":false,"template":"","format":"standard","meta":{"footnotes":""},"categories":[23],"tags":[],"post_folder":[],"_links":{"self":[{"href":"https:\/\/www.zelazkow.pl\/index.php?rest_route=\/wp\/v2\/posts\/7778"}],"collection":[{"href":"https:\/\/www.zelazkow.pl\/index.php?rest_route=\/wp\/v2\/posts"}],"about":[{"href":"https:\/\/www.zelazkow.pl\/index.php?rest_route=\/wp\/v2\/types\/post"}],"author":[{"embeddable":true,"href":"https:\/\/www.zelazkow.pl\/index.php?rest_route=\/wp\/v2\/users\/6"}],"replies":[{"embeddable":true,"href":"https:\/\/www.zelazkow.pl\/index.php?rest_route=%2Fwp%2Fv2%2Fcomments&post=7778"}],"version-history":[{"count":5,"href":"https:\/\/www.zelazkow.pl\/index.php?rest_route=\/wp\/v2\/posts\/7778\/revisions"}],"predecessor-version":[{"id":7788,"href":"https:\/\/www.zelazkow.pl\/index.php?rest_route=\/wp\/v2\/posts\/7778\/revisions\/7788"}],"wp:featuredmedia":[{"embeddable":true,"href":"https:\/\/www.zelazkow.pl\/index.php?rest_route=\/wp\/v2\/media\/7779"}],"wp:attachment":[{"href":"https:\/\/www.zelazkow.pl\/index.php?rest_route=%2Fwp%2Fv2%2Fmedia&parent=7778"}],"wp:term":[{"taxonomy":"category","embeddable":true,"href":"https:\/\/www.zelazkow.pl\/index.php?rest_route=%2Fwp%2Fv2%2Fcategories&post=7778"},{"taxonomy":"post_tag","embeddable":true,"href":"https:\/\/www.zelazkow.pl\/index.php?rest_route=%2Fwp%2Fv2%2Ftags&post=7778"},{"taxonomy":"post_folder","embeddable":true,"href":"https:\/\/www.zelazkow.pl\/index.php?rest_route=%2Fwp%2Fv2%2Fpost_folder&post=7778"}],"curies":[{"name":"wp","href":"https:\/\/api.w.org\/{rel}","templated":true}]}}