{"id":7753,"date":"2024-03-26T11:49:50","date_gmt":"2024-03-26T11:49:50","guid":{"rendered":"https:\/\/www.zelazkow.pl\/?p=7753"},"modified":"2024-03-26T11:49:50","modified_gmt":"2024-03-26T11:49:50","slug":"wystawa-dziedzictwo-centralnej-polski","status":"publish","type":"post","link":"https:\/\/www.zelazkow.pl\/?p=7753","title":{"rendered":"Wystawa &#8220;Dziedzictwo Centralnej Polski&#8221;"},"content":{"rendered":"<p>Szanowni Pa\u0144stwo,<\/p>\n<p>Przekazujemy zaproszenie od LGD7 <span dir=\"auto\">na podsumowanie projektu &#8220;Dziedzictwo Centralnej Polski&#8221; i zwi\u0105zan\u0105 z nim wystaw\u0119 zdj\u0119\u0107, wykonanych metod\u0105 ambrotypii przez Andrzeja Paruszewskiego.<\/span><\/p>\n<p>&#8220;[Projekt] w partnerstwie realizujemy wraz ze Stowarzyszeniem LGD Krajna Z\u0142otowska oraz Stowarzyszeniem Wrota Wielkopolski, a kt\u00f3rego g\u0142\u00f3wnym celem jest zachowanie i promocja dziedzictwa lokalnego Centralnej Polski, szczeg\u00f3lnie Wielkopolski jako sp\u00f3jnego regionu, wzmocnienie kapita\u0142u spo\u0142ecznego i to\u017csamo\u015bci lokalnej oraz budowanie pozytywnego wizerunku partner\u00f3w projektu na zewn\u0105trz. Wszechstronnego projektu w ramach, kt\u00f3rego realizowano warsztaty z r\u0119kodzie\u0142a, kulinarne, nalewkarskie itp., prelekcje, wymian\u0119 do\u015bwiadcze\u0144 oraz wiele innych, edukacyjnych i promocyjnych Wielkopolsk\u0119 wydarze\u0144. Fotografie wykonano na terenie 9 gmin cz\u0142onkowskich naszego Stowarzyszenia, przedstawiaj\u0105 one najbardziej charakterystyczne zak\u0105tki naszego regionu.<\/p>\n<div>\n<div dir=\"auto\">Wystawie towarzyszy\u0107 b\u0119dzie sam autor zdj\u0119\u0107, kt\u00f3ry przedstawi spos\u00f3b ich wykonania.<\/div>\n<\/div>\n<div>\n<div dir=\"auto\">Do zobaczenia!&#8221;<\/div>\n<\/div>\n","protected":false},"excerpt":{"rendered":"<p>Szanowni Pa\u0144stwo, Przekazujemy zaproszenie od LGD7 na podsumowanie projektu &#8220;Dziedzictwo Centralnej Polski&#8221; i zwi\u0105zan\u0105 z nim wystaw\u0119 zdj\u0119\u0107, wykonanych metod\u0105 ambrotypii przez Andrzeja Paruszewskiego. &#8220;[Projekt] w partnerstwie realizujemy wraz ze Stowarzyszeniem LGD Krajna Z\u0142otowska oraz Stowarzyszeniem Wrota Wielkopolski, a kt\u00f3rego g\u0142\u00f3wnym celem jest zachowanie i promocja dziedzictwa lokalnego Centralnej Polski, szczeg\u00f3lnie Wielkopolski jako sp\u00f3jnego regionu, [&hellip;]<\/p>\n","protected":false},"author":7,"featured_media":7754,"comment_status":"closed","ping_status":"closed","sticky":false,"template":"","format":"standard","meta":{"footnotes":""},"categories":[23,25,28],"tags":[],"post_folder":[],"_links":{"self":[{"href":"https:\/\/www.zelazkow.pl\/index.php?rest_route=\/wp\/v2\/posts\/7753"}],"collection":[{"href":"https:\/\/www.zelazkow.pl\/index.php?rest_route=\/wp\/v2\/posts"}],"about":[{"href":"https:\/\/www.zelazkow.pl\/index.php?rest_route=\/wp\/v2\/types\/post"}],"author":[{"embeddable":true,"href":"https:\/\/www.zelazkow.pl\/index.php?rest_route=\/wp\/v2\/users\/7"}],"replies":[{"embeddable":true,"href":"https:\/\/www.zelazkow.pl\/index.php?rest_route=%2Fwp%2Fv2%2Fcomments&post=7753"}],"version-history":[{"count":1,"href":"https:\/\/www.zelazkow.pl\/index.php?rest_route=\/wp\/v2\/posts\/7753\/revisions"}],"predecessor-version":[{"id":7755,"href":"https:\/\/www.zelazkow.pl\/index.php?rest_route=\/wp\/v2\/posts\/7753\/revisions\/7755"}],"wp:featuredmedia":[{"embeddable":true,"href":"https:\/\/www.zelazkow.pl\/index.php?rest_route=\/wp\/v2\/media\/7754"}],"wp:attachment":[{"href":"https:\/\/www.zelazkow.pl\/index.php?rest_route=%2Fwp%2Fv2%2Fmedia&parent=7753"}],"wp:term":[{"taxonomy":"category","embeddable":true,"href":"https:\/\/www.zelazkow.pl\/index.php?rest_route=%2Fwp%2Fv2%2Fcategories&post=7753"},{"taxonomy":"post_tag","embeddable":true,"href":"https:\/\/www.zelazkow.pl\/index.php?rest_route=%2Fwp%2Fv2%2Ftags&post=7753"},{"taxonomy":"post_folder","embeddable":true,"href":"https:\/\/www.zelazkow.pl\/index.php?rest_route=%2Fwp%2Fv2%2Fpost_folder&post=7753"}],"curies":[{"name":"wp","href":"https:\/\/api.w.org\/{rel}","templated":true}]}}