{"id":7744,"date":"2024-03-19T14:33:30","date_gmt":"2024-03-19T14:33:30","guid":{"rendered":"https:\/\/www.zelazkow.pl\/?p=7744"},"modified":"2024-03-19T14:36:52","modified_gmt":"2024-03-19T14:36:52","slug":"informacja-o-lxii-sesji-rady-gminy-zelazkow-viii-kadencji","status":"publish","type":"post","link":"https:\/\/www.zelazkow.pl\/?p=7744","title":{"rendered":"Informacja o LXII sesji Rady Gminy \u017belazk\u00f3w VIII kadencji"},"content":{"rendered":"<div>\n<p>Obrady LXII sesji Rady Gminy \u017belazk\u00f3w VIII kadencji odb\u0119d\u0105 si\u0119 w dniu 26 marca 2024 r. (wtorek) o godz 14.00 w sali obrad Urz\u0119du Gminy w \u017belazkowie.<\/p>\n<\/div>\n<div class=\"aktualnosci_tresc\">\n<div class=\"aktualnosci_tresc\">\n<div class=\"aktualnosci_tresc\">\n<div class=\"aktualnosci_tresc\">\n<div class=\"aktualnosci_tresc\">\n<div class=\"aktualnosci_tresc\">\n<div class=\"aktualnosci_tresc\">\n<div class=\"aktualnosci_tresc\">\n<div class=\"aktualnosci_skrot_ aktualnosci_skrot\">\n<div class=\"aktualnosci_skrot_ aktualnosci_skrot\">\n<div id=\"aktualnosci_wyniki_kontener\" class=\"aktualnosci_wyniki_kontener\">\n<div class=\"aktualnosci_tresc\">\n<div class=\"aktualnosci_tresc\">\n<div>\n<p><strong>Proponowany porz\u0105dek obrad: &#8211;\u00a0<\/strong> <a href=\"https:\/\/www.bip.zelazkow.pl\/fck_pliki\/file\/sesje\/sesja_2024\/sesja_LXII.pdf\">otw\u00f3rz<\/a><\/p>\n<\/div>\n<\/div>\n<\/div>\n<\/div>\n<\/div>\n<\/div>\n<\/div>\n<\/div>\n<\/div>\n<\/div>\n<\/div>\n<\/div>\n<\/div>\n<\/div>\n","protected":false},"excerpt":{"rendered":"<p>Obrady LXII sesji Rady Gminy \u017belazk\u00f3w VIII kadencji odb\u0119d\u0105 si\u0119 w dniu 26 marca 2024 r. (wtorek) o godz 14.00 w sali obrad Urz\u0119du Gminy w \u017belazkowie. Proponowany porz\u0105dek obrad: &#8211;\u00a0 otw\u00f3rz<\/p>\n","protected":false},"author":6,"featured_media":7745,"comment_status":"closed","ping_status":"closed","sticky":false,"template":"","format":"standard","meta":{"footnotes":""},"categories":[23,25],"tags":[],"post_folder":[],"_links":{"self":[{"href":"https:\/\/www.zelazkow.pl\/index.php?rest_route=\/wp\/v2\/posts\/7744"}],"collection":[{"href":"https:\/\/www.zelazkow.pl\/index.php?rest_route=\/wp\/v2\/posts"}],"about":[{"href":"https:\/\/www.zelazkow.pl\/index.php?rest_route=\/wp\/v2\/types\/post"}],"author":[{"embeddable":true,"href":"https:\/\/www.zelazkow.pl\/index.php?rest_route=\/wp\/v2\/users\/6"}],"replies":[{"embeddable":true,"href":"https:\/\/www.zelazkow.pl\/index.php?rest_route=%2Fwp%2Fv2%2Fcomments&post=7744"}],"version-history":[{"count":2,"href":"https:\/\/www.zelazkow.pl\/index.php?rest_route=\/wp\/v2\/posts\/7744\/revisions"}],"predecessor-version":[{"id":7747,"href":"https:\/\/www.zelazkow.pl\/index.php?rest_route=\/wp\/v2\/posts\/7744\/revisions\/7747"}],"wp:featuredmedia":[{"embeddable":true,"href":"https:\/\/www.zelazkow.pl\/index.php?rest_route=\/wp\/v2\/media\/7745"}],"wp:attachment":[{"href":"https:\/\/www.zelazkow.pl\/index.php?rest_route=%2Fwp%2Fv2%2Fmedia&parent=7744"}],"wp:term":[{"taxonomy":"category","embeddable":true,"href":"https:\/\/www.zelazkow.pl\/index.php?rest_route=%2Fwp%2Fv2%2Fcategories&post=7744"},{"taxonomy":"post_tag","embeddable":true,"href":"https:\/\/www.zelazkow.pl\/index.php?rest_route=%2Fwp%2Fv2%2Ftags&post=7744"},{"taxonomy":"post_folder","embeddable":true,"href":"https:\/\/www.zelazkow.pl\/index.php?rest_route=%2Fwp%2Fv2%2Fpost_folder&post=7744"}],"curies":[{"name":"wp","href":"https:\/\/api.w.org\/{rel}","templated":true}]}}