{"id":7712,"date":"2024-03-14T08:47:57","date_gmt":"2024-03-14T08:47:57","guid":{"rendered":"https:\/\/www.zelazkow.pl\/?p=7712"},"modified":"2024-03-14T09:23:57","modified_gmt":"2024-03-14T09:23:57","slug":"program-asystent-osobisty-osoby-niepelnosprawnej","status":"publish","type":"post","link":"https:\/\/www.zelazkow.pl\/?p=7712","title":{"rendered":"Program \u201eAsystent osobisty osoby niepe\u0142nosprawnej\u201d"},"content":{"rendered":"\t\t<div data-elementor-type=\"wp-post\" data-elementor-id=\"7712\" class=\"elementor elementor-7712\">\n\t\t\t\t\t\t\t\t\t<section class=\"elementor-section elementor-top-section elementor-element elementor-element-789e65f elementor-section-boxed elementor-section-height-default elementor-section-height-default\" data-id=\"789e65f\" data-element_type=\"section\" data-settings=\"{&quot;jet_parallax_layout_list&quot;:[]}\">\n\t\t\t\t\t\t<div class=\"elementor-container elementor-column-gap-default\">\n\t\t\t\t\t<div class=\"elementor-column elementor-col-100 elementor-top-column elementor-element elementor-element-cd584ec\" data-id=\"cd584ec\" data-element_type=\"column\">\n\t\t\t<div class=\"elementor-widget-wrap elementor-element-populated\">\n\t\t\t\t\t\t\t\t<div class=\"elementor-element elementor-element-ebf72b2 elementor-widget__width-initial elementor-widget elementor-widget-text-editor\" data-id=\"ebf72b2\" data-element_type=\"widget\" data-widget_type=\"text-editor.default\">\n\t\t\t\t<div class=\"elementor-widget-container\">\n\t\t\t<style>\/*! elementor - v3.18.0 - 20-12-2023 *\/\n.elementor-widget-text-editor.elementor-drop-cap-view-stacked .elementor-drop-cap{background-color:#69727d;color:#fff}.elementor-widget-text-editor.elementor-drop-cap-view-framed .elementor-drop-cap{color:#69727d;border:3px solid;background-color:transparent}.elementor-widget-text-editor:not(.elementor-drop-cap-view-default) .elementor-drop-cap{margin-top:8px}.elementor-widget-text-editor:not(.elementor-drop-cap-view-default) .elementor-drop-cap-letter{width:1em;height:1em}.elementor-widget-text-editor .elementor-drop-cap{float:left;text-align:center;line-height:1;font-size:50px}.elementor-widget-text-editor .elementor-drop-cap-letter{display:inline-block}<\/style>\t\t\t\t<p>\u00a0\u00a0\u00a0\u00a0\u00a0\u00a0\u00a0\u00a0\u00a0\u00a0\u00a0 Gminny O\u015brodek Pomocy Spo\u0142ecznej w \u017belazkowie informuje, \u017ce w zwi\u0105zku z mo\u017cliwo\u015bci\u0105 przyst\u0105pienia do <strong>Programu \u201eAsystent osobisty osoby niepe\u0142nosprawnej\u201d<\/strong> \u2013 edycja 2024 r., kt\u00f3rego celem jest wprowadzenie us\u0142ug asystencji osobistej jako formy og\u00f3lnodost\u0119pnego wsparcia w wykonywaniu codziennych czynno\u015bci oraz funkcjonowaniu w \u017cyciu spo\u0142ecznym os\u00f3b niepe\u0142nosprawnych, <u>poszukuje os\u00f3b ch\u0119tnych do sprawowania powy\u017cszej opieki.<\/u><\/p><p><strong>\u00a0\u00a0\u00a0\u00a0\u00a0\u00a0\u00a0\u00a0\u00a0\u00a0\u00a0 Us\u0142ugi asystencji osobistej mog\u0105 \u015bwiadczy\u0107 osoby nieb\u0119d\u0105ce cz\u0142onkami rodziny uczestnika, opiekunami prawnymi uczestnika lub osobami faktycznie zamieszkuj\u0105cymi razem z uczestnikiem:<\/strong><\/p><ol><li>posiadaj\u0105ce dokument potwierdzaj\u0105cy uzyskanie kwalifikacji w nast\u0119puj\u0105cych zawodach i specjalno\u015bciach: asystent osoby niepe\u0142nosprawnej, opiekun osoby starszej, opiekun medyczny, pedagog, psycholog, terapeuta zaj\u0119ciowy, piel\u0119gniarka, siostra PCK, fizjoterapeuta; lub<\/li><li>posiadaj\u0105ce co najmniej 6-miesi\u0119czne, udokumentowane do\u015bwiadczenie w udzielaniu bezpo\u015bredniej pomocy osobom z niepe\u0142nosprawno\u015bciami, np. do\u015bwiadczenie zawodowe, udzielanie wsparcia osobom z niepe\u0142nosprawno\u015bciami w formie wolontariatu; lub<\/li><li>wskazane przez uczestnika lub jego opiekuna prawnego (w przypadku osoby ma\u0142oletniej albo ubezw\u0142asnowolnionej ca\u0142kowicie) w Karcie zg\u0142oszenia do Programu \u201eAsystent osobisty osoby z niepe\u0142nosprawno\u015bci\u0105\u201d dla Jednostek Samorz\u0105du Terytorialnego \u2013 edycja 2024, kt\u00f3rej wz\u00f3r stanowi za\u0142\u0105cznik nr 7 do Programu.<\/li><\/ol><p>Posiadanie do\u015bwiadczenia, o kt\u00f3rym mowa powy\u017cej, mo\u017ce zosta\u0107 udokumentowane pisemnym o\u015bwiadczeniem podmiotu, kt\u00f3ry zleca\u0142 udzielanie bezpo\u015bredniej pomocy osbom z niepe\u0142nosprawno\u015bciami. Podmiotem tym mo\u017ce by\u0107 r\u00f3wnie\u017c osoba fizyczna, (a wi\u0119c nie tylko osoba prawna, czy jednostka organizacyjna nie posiadaj\u0105ca osobowo\u015bci prawnej), kt\u00f3ra zleci\u0142a udzielenie bezpo\u015bredniej pomocy osobie z niepe\u0142nosprawno\u015bci\u0105.<\/p><p>Ocena posiadania przez osob\u0119 do\u015bwiadczenia w udzielaniu bezpo\u015bredniej pomocy osobom z niepe\u0142nosprawno\u015bciami nale\u017cy do realizatora Programu.<\/p><ul><li>Na potrzeby realizacji Programu za cz\u0142onk\u00f3w rodziny uczestnika uznaje si\u0119 wst\u0119pnych lub zst\u0119pnych, ma\u0142\u017conka, rodze\u0144stwo, te\u015bci\u00f3w, zi\u0119cia, synow\u0105, macoch\u0119, ojczyma oraz osob\u0119 pozostaj\u0105c\u0105 we wsp\u00f3lnym po\u017cyciu, a tak\u017ce osob\u0119 pozostaj\u0105c\u0105 w stosunku przysposobienia z uczestnikiem.<\/li><li>W pierwszej kolejno\u015bci, asystentem mo\u017ce zosta\u0107 osoba wskazana przez uczestnika lub jego opiekuna prawnego, z uwzgl\u0119dnieniem postanowie\u0144 ust. 4 pkt 3. Je\u017celi asystent nie zostanie wskazany przez uczestnika lub jego opiekuna prawnego, asystenta wskazuje gmina\/powiat lub inny podmiot, kt\u00f3remu gmina\/powiat zleci\u0142a realizacj\u0119 Programu, z uwzgl\u0119dnieniem postanowie\u0144 ust. 4 pkt 1 lub 2.\u00a0<\/li><li><strong>W przypadku, gdy us\u0142ugi asystencji osobistej b\u0119d\u0105 \u015bwiadczone na rzecz dzieci z niepe\u0142nosprawno\u015bciami do uko\u0144czenia 16. roku \u017cycia z orzeczeniem o niepe\u0142nosprawno\u015bci \u0142\u0105cznie ze wskazaniami w pkt 7 i 8 w orzeczeniu\u00a0\u00a0 o niepe\u0142nosprawno\u015bci &#8211; konieczno\u015bci sta\u0142ej lub d\u0142ugotrwa\u0142ej opieki lub pomocy innej osoby\u00a0 w zwi\u0105zku ze znacznie ograniczon\u0105 mo\u017cliwo\u015bci\u0105 samodzielnej egzystencji oraz konieczno\u015bci sta\u0142ego wsp\u00f3\u0142udzia\u0142u na co dzie\u0144 opiekuna dziecka w procesie jego leczenia, rehabilitacji i edukacji, w odniesieniu do osoby, kt\u00f3ra ma \u015bwiadczy\u0107 us\u0142ugi asystencji osobistej, wymagane jest tak\u017ce:<\/strong><\/li><\/ul><p><strong>1)<\/strong> \u00a0za\u015bwiadczenie o niekaralno\u015bci;<\/p><p><strong>2)<\/strong> \u00a0informacja o niefigurowaniu w Rejestrze Sprawc\u00f3w Przest\u0119pstw na Tle Seksualnym<\/p><p>w postaci wydruku pobranej informacji z Rejestru;<\/p><p><strong>3)<\/strong> \u00a0pisemna akceptacja osoby asystenta ze strony rodzica lub opiekuna prawnego dziecka z niepe\u0142nosprawno\u015bci\u0105.<\/p><p><strong>\u00a0\u00a0\u00a0\u00a0\u00a0\u00a0\u00a0\u00a0\u00a0\u00a0\u00a0 Us\u0142ugi asystencji osobistej polegaj\u0105 na wspieraniu przez asystenta osoby z niepe\u0142nosprawno\u015bci\u0105 w r\u00f3\u017cnych sferach \u017cycia, w tym:<\/strong><\/p><p><strong>1)<\/strong>\u00a0 wsparcia uczestnika w czynno\u015bciach samoobs\u0142ugowych, w tym utrzymaniu higieny osobistej;<\/p><p><strong>2) <\/strong>\u00a0wsparcia uczestnika w prowadzeniu gospodarstwa domowego i wype\u0142nianiu r\u00f3l w rodzinie;<\/p><p><strong>3)<\/strong>\u00a0\u00a0 wsparcia uczestnika w przemieszczaniu si\u0119 poza miejscem zamieszkania;<\/p><p><strong>4)<\/strong> wsparcia uczestnika w podejmowaniu aktywno\u015bci \u017cyciowej i komunikowaniu si\u0119 z otoczeniem.<\/p><ul><li>Us\u0142uga asystencji osobistej na terenie szko\u0142y lub plac\u00f3wki o\u015bwiatowej mo\u017ce by\u0107<\/li><\/ul><p>realizowana wy\u0142\u0105cznie w przypadku, gdy szko\u0142a nie zapewnia tej us\u0142ugi.<\/p><p><strong><u>Adresatami Programu s\u0105:<\/u><\/strong><\/p><p><strong>1)<\/strong> dzieci do uko\u0144czenia 16. roku \u017cycia posiadaj\u0105ce orzeczenie o niepe\u0142nosprawno\u015bci<\/p><p>\u0142\u0105cznie ze wskazaniami w pkt 7 i 8 w orzeczeniu o niepe\u0142nosprawno\u015bci \u2013 konieczno\u015bci sta\u0142ej lub d\u0142ugotrwa\u0142ej opieki lub pomocy innej osoby w zwi\u0105zku ze znacznie ograniczon\u0105 mo\u017cliwo\u015bci\u0105 samodzielnej egzystencji oraz konieczno\u015bci sta\u0142ego wsp\u00f3\u0142udzia\u0142u na co dzie\u0144 opiekuna dziecka w procesie jego leczenia, rehabilitacji i edukacji oraz<\/p><p><strong>2)<\/strong> osoby z niepe\u0142nosprawno\u015bciami posiadaj\u0105ce orzeczenie:<\/p><ol><li><strong>a)<\/strong> o znacznym stopniu niepe\u0142nosprawno\u015bci albo<\/li><li><strong>b)<\/strong> o umiarkowanym stopniu niepe\u0142nosprawno\u015bci albo<\/li><li><strong>c)<\/strong> traktowane na r\u00f3wni z orzeczeniami wymienionymi w lit. a i b, zgodnie z art. 5 i art. 62 ustawy z dnia 27 sierpnia 1997 r. o rehabilitacji zawodowej i spo\u0142ecznej oraz zatrudnianiu os\u00f3b niepe\u0142nosprawnych.<\/li><\/ol><p><strong>\u00a0\u00a0\u00a0\u00a0\u00a0\u00a0\u00a0\u00a0\u00a0\u00a0\u00a0 Osoby zainteresowane prosimy o kantak osobisty lub telefoniczny z Kierownikiem Gminnego O\u015brodka Pomocy Spo\u0142ecznej w \u017belazkowie od poniedzia\u0142ku do pi\u0105tku w godzinach 7.30 \u2013 15. 30 pod numerem (62) 76 91\u00a0038 lub kom. 519\u00a0389\u00a0931<\/strong><\/p><p>link do Programu \u201eAsystent osobisty osoby niepe\u0142nosprawnej\u201d \u2013 edycja 2024<\/p><p><a href=\"https:\/\/niepelnosprawni.gov.pl\/download\/program-aoon-jst-edycja-2024-1692196373.pdf\"><strong>https:\/\/niepelnosprawni.gov.pl\/download\/program-aoon-jst-edycja-2024-1692196373.pdf<\/strong><\/a><\/p>\t\t\t\t\t\t<\/div>\n\t\t\t\t<\/div>\n\t\t\t\t\t<\/div>\n\t\t<\/div>\n\t\t\t\t\t\t\t<\/div>\n\t\t<\/section>\n\t\t\t\t\t\t\t<\/div>\n\t\t","protected":false},"excerpt":{"rendered":"<p>Gminny O\u015brodek Pomocy Spo\u0142ecznej w \u017belazkowie informuje, \u017ce w zwi\u0105zku z mo\u017cliwo\u015bci\u0105 przyst\u0105pienia do Programu \u201eAsystent osobisty osoby niepe\u0142nosprawnej\u201d \u2013 edycja 2024 r., kt\u00f3rego celem jest wprowadzenie us\u0142ug asystencji osobistej jako formy og\u00f3lnodost\u0119pnego wsparcia w wykonywaniu codziennych czynno\u015bci oraz funkcjonowaniu w \u017cyciu spo\u0142ecznym os\u00f3b niepe\u0142nosprawnych, poszukuje os\u00f3b ch\u0119tnych do sprawowania powy\u017cszej opieki. \u00a0\u00a0\u00a0\u00a0\u00a0\u00a0\u00a0\u00a0\u00a0\u00a0\u00a0 Us\u0142ugi asystencji [&hellip;]<\/p>\n","protected":false},"author":7,"featured_media":7726,"comment_status":"closed","ping_status":"closed","sticky":false,"template":"","format":"standard","meta":{"footnotes":""},"categories":[23,25],"tags":[],"post_folder":[],"_links":{"self":[{"href":"https:\/\/www.zelazkow.pl\/index.php?rest_route=\/wp\/v2\/posts\/7712"}],"collection":[{"href":"https:\/\/www.zelazkow.pl\/index.php?rest_route=\/wp\/v2\/posts"}],"about":[{"href":"https:\/\/www.zelazkow.pl\/index.php?rest_route=\/wp\/v2\/types\/post"}],"author":[{"embeddable":true,"href":"https:\/\/www.zelazkow.pl\/index.php?rest_route=\/wp\/v2\/users\/7"}],"replies":[{"embeddable":true,"href":"https:\/\/www.zelazkow.pl\/index.php?rest_route=%2Fwp%2Fv2%2Fcomments&post=7712"}],"version-history":[{"count":11,"href":"https:\/\/www.zelazkow.pl\/index.php?rest_route=\/wp\/v2\/posts\/7712\/revisions"}],"predecessor-version":[{"id":7727,"href":"https:\/\/www.zelazkow.pl\/index.php?rest_route=\/wp\/v2\/posts\/7712\/revisions\/7727"}],"wp:featuredmedia":[{"embeddable":true,"href":"https:\/\/www.zelazkow.pl\/index.php?rest_route=\/wp\/v2\/media\/7726"}],"wp:attachment":[{"href":"https:\/\/www.zelazkow.pl\/index.php?rest_route=%2Fwp%2Fv2%2Fmedia&parent=7712"}],"wp:term":[{"taxonomy":"category","embeddable":true,"href":"https:\/\/www.zelazkow.pl\/index.php?rest_route=%2Fwp%2Fv2%2Fcategories&post=7712"},{"taxonomy":"post_tag","embeddable":true,"href":"https:\/\/www.zelazkow.pl\/index.php?rest_route=%2Fwp%2Fv2%2Ftags&post=7712"},{"taxonomy":"post_folder","embeddable":true,"href":"https:\/\/www.zelazkow.pl\/index.php?rest_route=%2Fwp%2Fv2%2Fpost_folder&post=7712"}],"curies":[{"name":"wp","href":"https:\/\/api.w.org\/{rel}","templated":true}]}}