{"id":11832,"date":"2026-03-26T08:32:34","date_gmt":"2026-03-26T08:32:34","guid":{"rendered":"https:\/\/www.zelazkow.pl\/?p=11832"},"modified":"2026-08-21T08:36:26","modified_gmt":"2026-08-21T08:36:26","slug":"gmina-zelazkow-pozyskala-srodki-na-remont-miejsca-pamieci","status":"publish","type":"post","link":"https:\/\/www.zelazkow.pl\/?p=11832","title":{"rendered":"Gmina \u017belazk\u00f3w pozyska\u0142a \u015brodki na remont miejsca pami\u0119ci"},"content":{"rendered":"<p>Gmina \u017belazk\u00f3w rozpoczyna realizacj\u0119 wa\u017cnego zadania zwi\u0105zanego z ochron\u0105 lokalnego dziedzictwa historycznego. Przedmiotem inwestycji jest <strong>\u201eRemont miejsca strace\u0144 w lesie Skarszewskim\u201d<\/strong> \u2013 szczeg\u00f3lnego miejsca pami\u0119ci, przypominaj\u0105cego o tragicznych wydarzeniach II wojny \u015bwiatowej.<\/p>\n<p>Na realizacj\u0119 zadania Gmina \u017belazk\u00f3w pozyska\u0142a <strong>39 236 z\u0142 dofinansowania ze \u015brodk\u00f3w Ministra Kultury i Dziedzictwa Narodowego pochodz\u0105cych z Funduszu Promocji Kultury<\/strong>, w ramach programu <strong>\u201eMiejsca pami\u0119ci i trwa\u0142e upami\u0119tnienia w kraju\u201d<\/strong>.<\/p>\n<p>Ca\u0142kowita warto\u015b\u0107 zadania wynosi <strong>57 700 z\u0142<\/strong>, z czego <strong>18 464 z\u0142 stanowi wk\u0142ad w\u0142asny Gminy \u017belazk\u00f3w<\/strong>. Dofinansowanie pokrywa 68% ca\u0142kowitego kosztu przedsi\u0119wzi\u0119cia.<\/p>\n<p>Realizacja inwestycji jest kolejnym dzia\u0142aniem Gminy \u017belazk\u00f3w na rzecz zachowania miejsc pami\u0119ci i lokalnego dziedzictwa. Dzi\u0119ki pozyskanym \u015brodkom miejsce strace\u0144 w lesie Skarszewskim zostanie odnowione i odpowiednio zagospodarowane, aby mog\u0142o godnie s\u0142u\u017cy\u0107 jako \u015bwiadectwo historii naszej ma\u0142ej ojczyzny.<\/p>\n<p><strong>Dofinansowano ze \u015brodk\u00f3w Ministra Kultury i Dziedzictwa Narodowego pochodz\u0105cych z Funduszu Promocji Kultury.<\/strong><\/p>\n","protected":false},"excerpt":{"rendered":"<p>Gmina \u017belazk\u00f3w rozpoczyna realizacj\u0119 wa\u017cnego zadania zwi\u0105zanego z ochron\u0105 lokalnego dziedzictwa historycznego. Przedmiotem inwestycji jest \u201eRemont miejsca strace\u0144 w lesie Skarszewskim\u201d \u2013 szczeg\u00f3lnego miejsca pami\u0119ci, przypominaj\u0105cego o tragicznych wydarzeniach II wojny \u015bwiatowej. Na realizacj\u0119 zadania Gmina \u017belazk\u00f3w pozyska\u0142a 39 236 z\u0142 dofinansowania ze \u015brodk\u00f3w Ministra Kultury i Dziedzictwa Narodowego pochodz\u0105cych z Funduszu Promocji Kultury, w [&hellip;]<\/p>\n","protected":false},"author":9,"featured_media":11833,"comment_status":"closed","ping_status":"closed","sticky":false,"template":"","format":"standard","meta":{"footnotes":""},"categories":[23,25],"tags":[],"post_folder":[],"_links":{"self":[{"href":"https:\/\/www.zelazkow.pl\/index.php?rest_route=\/wp\/v2\/posts\/11832"}],"collection":[{"href":"https:\/\/www.zelazkow.pl\/index.php?rest_route=\/wp\/v2\/posts"}],"about":[{"href":"https:\/\/www.zelazkow.pl\/index.php?rest_route=\/wp\/v2\/types\/post"}],"author":[{"embeddable":true,"href":"https:\/\/www.zelazkow.pl\/index.php?rest_route=\/wp\/v2\/users\/9"}],"replies":[{"embeddable":true,"href":"https:\/\/www.zelazkow.pl\/index.php?rest_route=%2Fwp%2Fv2%2Fcomments&post=11832"}],"version-history":[{"count":1,"href":"https:\/\/www.zelazkow.pl\/index.php?rest_route=\/wp\/v2\/posts\/11832\/revisions"}],"predecessor-version":[{"id":11834,"href":"https:\/\/www.zelazkow.pl\/index.php?rest_route=\/wp\/v2\/posts\/11832\/revisions\/11834"}],"wp:featuredmedia":[{"embeddable":true,"href":"https:\/\/www.zelazkow.pl\/index.php?rest_route=\/wp\/v2\/media\/11833"}],"wp:attachment":[{"href":"https:\/\/www.zelazkow.pl\/index.php?rest_route=%2Fwp%2Fv2%2Fmedia&parent=11832"}],"wp:term":[{"taxonomy":"category","embeddable":true,"href":"https:\/\/www.zelazkow.pl\/index.php?rest_route=%2Fwp%2Fv2%2Fcategories&post=11832"},{"taxonomy":"post_tag","embeddable":true,"href":"https:\/\/www.zelazkow.pl\/index.php?rest_route=%2Fwp%2Fv2%2Ftags&post=11832"},{"taxonomy":"post_folder","embeddable":true,"href":"https:\/\/www.zelazkow.pl\/index.php?rest_route=%2Fwp%2Fv2%2Fpost_folder&post=11832"}],"curies":[{"name":"wp","href":"https:\/\/api.w.org\/{rel}","templated":true}]}}