{"id":11446,"date":"2026-04-24T09:04:23","date_gmt":"2026-04-24T09:04:23","guid":{"rendered":"https:\/\/www.zelazkow.pl\/?p=11446"},"modified":"2026-04-24T09:04:23","modified_gmt":"2026-04-24T09:04:23","slug":"zmarl-jozef-pokojowy-wieloletni-radny-rady-gminy-zelazkow","status":"publish","type":"post","link":"https:\/\/www.zelazkow.pl\/?p=11446","title":{"rendered":"Zmar\u0142 J\u00f3zef Pokojowy \u2013 wieloletni radny Rady Gminy \u017belazk\u00f3w"},"content":{"rendered":"<div dir=\"auto\">Szanowni Pa\u0144stwo,<\/div>\n<div dir=\"auto\">dotar\u0142a do nas smutna wiadomo\u015b\u0107 o \u015bmierci wieloletniego radnego Rady Gminy \u017belazk\u00f3w &#8211; <strong>J\u00f3zefa Pokojowego.<\/strong><\/div>\n<div dir=\"auto\">J\u00f3zef Pokojowy zmar\u0142 w wieku 73 lat, po ci\u0119\u017ckiej walce z chorob\u0105.<\/div>\n","protected":false},"excerpt":{"rendered":"<p>Szanowni Pa\u0144stwo, dotar\u0142a do nas smutna wiadomo\u015b\u0107 o \u015bmierci wieloletniego radnego Rady Gminy \u017belazk\u00f3w &#8211; J\u00f3zefa Pokojowego. J\u00f3zef Pokojowy zmar\u0142 w wieku 73 lat, po ci\u0119\u017ckiej walce z chorob\u0105.<\/p>\n","protected":false},"author":9,"featured_media":11447,"comment_status":"closed","ping_status":"closed","sticky":false,"template":"","format":"standard","meta":{"footnotes":""},"categories":[23,25],"tags":[],"post_folder":[],"_links":{"self":[{"href":"https:\/\/www.zelazkow.pl\/index.php?rest_route=\/wp\/v2\/posts\/11446"}],"collection":[{"href":"https:\/\/www.zelazkow.pl\/index.php?rest_route=\/wp\/v2\/posts"}],"about":[{"href":"https:\/\/www.zelazkow.pl\/index.php?rest_route=\/wp\/v2\/types\/post"}],"author":[{"embeddable":true,"href":"https:\/\/www.zelazkow.pl\/index.php?rest_route=\/wp\/v2\/users\/9"}],"replies":[{"embeddable":true,"href":"https:\/\/www.zelazkow.pl\/index.php?rest_route=%2Fwp%2Fv2%2Fcomments&post=11446"}],"version-history":[{"count":1,"href":"https:\/\/www.zelazkow.pl\/index.php?rest_route=\/wp\/v2\/posts\/11446\/revisions"}],"predecessor-version":[{"id":11448,"href":"https:\/\/www.zelazkow.pl\/index.php?rest_route=\/wp\/v2\/posts\/11446\/revisions\/11448"}],"wp:featuredmedia":[{"embeddable":true,"href":"https:\/\/www.zelazkow.pl\/index.php?rest_route=\/wp\/v2\/media\/11447"}],"wp:attachment":[{"href":"https:\/\/www.zelazkow.pl\/index.php?rest_route=%2Fwp%2Fv2%2Fmedia&parent=11446"}],"wp:term":[{"taxonomy":"category","embeddable":true,"href":"https:\/\/www.zelazkow.pl\/index.php?rest_route=%2Fwp%2Fv2%2Fcategories&post=11446"},{"taxonomy":"post_tag","embeddable":true,"href":"https:\/\/www.zelazkow.pl\/index.php?rest_route=%2Fwp%2Fv2%2Ftags&post=11446"},{"taxonomy":"post_folder","embeddable":true,"href":"https:\/\/www.zelazkow.pl\/index.php?rest_route=%2Fwp%2Fv2%2Fpost_folder&post=11446"}],"curies":[{"name":"wp","href":"https:\/\/api.w.org\/{rel}","templated":true}]}}