{"id":11272,"date":"2026-03-05T10:39:23","date_gmt":"2026-03-05T10:39:23","guid":{"rendered":"https:\/\/www.zelazkow.pl\/?p=11272"},"modified":"2026-03-05T10:39:23","modified_gmt":"2026-03-05T10:39:23","slug":"ksef-szkolenia-dla-branzy","status":"publish","type":"post","link":"https:\/\/www.zelazkow.pl\/?p=11272","title":{"rendered":"KSeF \u2013 szkolenia dla bran\u017cy"},"content":{"rendered":"<p>Od marca 2026 r., w ramach kontynuacji wsparcia przedsi\u0119biorc\u00f3w, Ministerstwo Finans\u00f3w zorganizowa\u0142o nowy modu\u0142 szkole\u0144 dla przedstawicieli bran\u017c pn. \u201eKSeF \u2013 szkolenia dla bran\u017cy&#8221;.<\/p>\n<p>Odbywaj\u0105 si\u0119 one dwutorowo: w formie og\u00f3lnopolskich spotka\u0144 online, oraz w formie szkole\u0144 realizowanych przez urz\u0119dy skarbowe w ka\u017cdym wojew\u00f3dztwie.<\/p>\n<p>Celem spotka\u0144 jest przekazanie przedstawicielom poszczeg\u00f3lnych sektor\u00f3w gospodarki podstawowych informacji dotycz\u0105cych funkcjonowania KSeF, z uwzgl\u0119dnieniem specyfiki dzia\u0142alno\u015bci r\u00f3\u017cnych obszar\u00f3w bran\u017cowych.<\/p>\n<p>Spotkania s\u0105 realizowane online. Szkolenia s\u0105 bezp\u0142atne, a udzia\u0142 w nich nie wymaga wcze\u015bniejszego zg\u0142oszenia.<\/p>\n<p><strong>Harmonogram szkole\u0144 centralnych (og\u00f3lnopolskich) pt. \u201eKSeF \u2013 szkolenia dla bran\u017cy\u201d<\/strong><\/p>\n<p><strong>Przez ca\u0142y marzec, w ka\u017cdy roboczy dzie\u0144 tygodnia o godz. 13:00, odbywa si\u0119 jedno szkolenie dla konkretnej bran\u017cy:<\/strong><\/p>\n<ul>\n<li><strong>Handel detaliczny \u201estraganowy&#8221; &#8211; 02.03.2026 godz. 13:00 <\/strong><\/li>\n<li><strong>Us\u0142ugi prawnicze &#8211; 03.03.2026 godz. 13:00 <\/strong><\/li>\n<li><strong>Agenci celni &#8211; 04.03.2026 godz. 13:00 <\/strong><\/li>\n<li><strong>Bran\u017ca motoryzacyjna &#8211; 05.03.2026 godz. 13:00 <\/strong><\/li>\n<li><strong>Roboty budowlane &#8211; 06.03.2026 godz. 13:00 <\/strong><\/li>\n<li><strong>Zarz\u0105dzanie nieruchomo\u015bciami &#8211; 09.03.2026 godz. 13:00 <\/strong><\/li>\n<li><strong>Us\u0142ugi transportowe przewozu os\u00f3b &#8211; 10.03.2026 godz. 13:00 <\/strong><\/li>\n<li><strong>Us\u0142ugi medyczne &#8211; 11.03.2026 godz. 13:00 <\/strong><\/li>\n<li><strong>Ko\u0142a gospody\u0144 wiejskich &#8211; 12.03.2026 godz. 13:00 <\/strong><\/li>\n<li><strong>Plac\u00f3wki medyczne &#8211; 13.03.2026 godz. 13:00 <\/strong><\/li>\n<li><strong>Wsp\u00f3lnoty i sp\u00f3\u0142dzielnie mieszkaniowe, ogr\u00f3dki dzia\u0142kowe &#8211; 16.03.2026 godz. 13:00 <\/strong><\/li>\n<li><strong>Ko\u015bcielne osoby prawne &#8211; 17.03.2026 godz. 13:00 <\/strong><\/li>\n<li><strong>Rolnicy, producenci rolni &#8211; 18.03.2026 godz. 13:00 <\/strong><\/li>\n<li><strong>Organizacje pozarz\u0105dowe &#8211; 19.03.2026 godz. 13:00 <\/strong><\/li>\n<li><strong>Rzemie\u015blnicy &#8211; 20.03.2026 godz. 13:00 <\/strong><\/li>\n<li><strong>Bran\u017ca beauty &#8211; 23.03.2026 godz. 13:00 <\/strong><\/li>\n<li><strong>Po\u015brednicy obrotu nieruchomo\u015bciami &#8211; 24.03.2026 godz. 13:00 <\/strong><\/li>\n<li><strong>Us\u0142ugi gastronomiczne &#8211; 25.03.2026 godz. 13:00 <\/strong><\/li>\n<li><strong>Kuratoria o\u015bwiaty, uczelnie, korepetytorzy &#8211; 26.03.2026 godz. 13:00 <\/strong><\/li>\n<li><strong>Franczyza &#8211; 27.03.2026 godz. 13:00 <\/strong><\/li>\n<li><strong>Us\u0142ugi turystyczne, hotelarskie &#8211; 30.03.2026 godz. 13:00 <\/strong><\/li>\n<li><strong>Sprzeda\u017c na portalach internetowych &#8211; 31.03.2026 godz. 13:00 <\/strong><\/li>\n<\/ul>\n<p><strong>Aby do\u0142\u0105czy\u0107 do wybranego szkolenia online wejd\u017a na stron\u0119<\/strong> <a href=\"https:\/\/ksef.podatki.gov.pl\/srody-z-ksef\">https:\/\/ksef.podatki.gov.pl\/srody-z-ksef<\/a><strong>. <\/strong><\/p>\n<table>\n<tbody>\n<tr>\n<td colspan=\"2\" width=\"896\"><strong>KSeF<\/strong> <strong>\u2013 <\/strong>przydatne linki<\/p>\n<p><a href=\"https:\/\/ksef.podatki.gov.pl\/\">Oficjalna strona Krajowego Systemu e-Faktur<\/a><\/p>\n<p><a href=\"https:\/\/ksef.podatki.gov.pl\/pytania-i-odpowiedzi-ksef-20\/\">Pytania i odpowiedzi<\/a><\/p>\n<p><a href=\"https:\/\/ksef.podatki.gov.pl\/\">Kalendarium KSeF 2.0<\/a><\/p>\n<p><a href=\"https:\/\/ksef.podatki.gov.pl\/krok-po-kroku-jdg-i-msp\/\">KSeF 2.0 krok po kroku<\/a><\/td>\n<td colspan=\"2\" width=\"44\">&nbsp;<\/td>\n<\/tr>\n<tr>\n<td colspan=\"2\" width=\"896\">Infolinia Krajowej Administracji Skarbowej<\/p>\n<p>Pomoc\u0105 s\u0142u\u017c\u0105 r\u00f3wnie\u017c eksperci z infolinii Krajowej Administracji Skarbowej:<\/p>\n<p>22 330 03 30 (telefony kom\u00f3rkowe),<\/p>\n<p>801 055 055 (telefony stacjonarne),<\/p>\n<p>+48 22 330 03 30 (z zagranicy).<\/td>\n<\/tr>\n<\/tbody>\n<\/table>\n","protected":false},"excerpt":{"rendered":"<p>Od marca 2026 r., w ramach kontynuacji wsparcia przedsi\u0119biorc\u00f3w, Ministerstwo Finans\u00f3w zorganizowa\u0142o nowy modu\u0142 szkole\u0144 dla przedstawicieli bran\u017c pn. \u201eKSeF \u2013 szkolenia dla bran\u017cy&#8221;. Odbywaj\u0105 si\u0119 one dwutorowo: w formie og\u00f3lnopolskich spotka\u0144 online, oraz w formie szkole\u0144 realizowanych przez urz\u0119dy skarbowe w ka\u017cdym wojew\u00f3dztwie. Celem spotka\u0144 jest przekazanie przedstawicielom poszczeg\u00f3lnych sektor\u00f3w gospodarki podstawowych informacji dotycz\u0105cych [&hellip;]<\/p>\n","protected":false},"author":9,"featured_media":11273,"comment_status":"closed","ping_status":"closed","sticky":false,"template":"","format":"standard","meta":{"footnotes":""},"categories":[23,25],"tags":[],"post_folder":[],"_links":{"self":[{"href":"https:\/\/www.zelazkow.pl\/index.php?rest_route=\/wp\/v2\/posts\/11272"}],"collection":[{"href":"https:\/\/www.zelazkow.pl\/index.php?rest_route=\/wp\/v2\/posts"}],"about":[{"href":"https:\/\/www.zelazkow.pl\/index.php?rest_route=\/wp\/v2\/types\/post"}],"author":[{"embeddable":true,"href":"https:\/\/www.zelazkow.pl\/index.php?rest_route=\/wp\/v2\/users\/9"}],"replies":[{"embeddable":true,"href":"https:\/\/www.zelazkow.pl\/index.php?rest_route=%2Fwp%2Fv2%2Fcomments&post=11272"}],"version-history":[{"count":1,"href":"https:\/\/www.zelazkow.pl\/index.php?rest_route=\/wp\/v2\/posts\/11272\/revisions"}],"predecessor-version":[{"id":11274,"href":"https:\/\/www.zelazkow.pl\/index.php?rest_route=\/wp\/v2\/posts\/11272\/revisions\/11274"}],"wp:featuredmedia":[{"embeddable":true,"href":"https:\/\/www.zelazkow.pl\/index.php?rest_route=\/wp\/v2\/media\/11273"}],"wp:attachment":[{"href":"https:\/\/www.zelazkow.pl\/index.php?rest_route=%2Fwp%2Fv2%2Fmedia&parent=11272"}],"wp:term":[{"taxonomy":"category","embeddable":true,"href":"https:\/\/www.zelazkow.pl\/index.php?rest_route=%2Fwp%2Fv2%2Fcategories&post=11272"},{"taxonomy":"post_tag","embeddable":true,"href":"https:\/\/www.zelazkow.pl\/index.php?rest_route=%2Fwp%2Fv2%2Ftags&post=11272"},{"taxonomy":"post_folder","embeddable":true,"href":"https:\/\/www.zelazkow.pl\/index.php?rest_route=%2Fwp%2Fv2%2Fpost_folder&post=11272"}],"curies":[{"name":"wp","href":"https:\/\/api.w.org\/{rel}","templated":true}]}}