{"id":11140,"date":"2026-01-20T12:01:04","date_gmt":"2026-01-20T12:01:04","guid":{"rendered":"https:\/\/www.zelazkow.pl\/?p=11140"},"modified":"2026-01-27T11:51:28","modified_gmt":"2026-01-27T11:51:28","slug":"informacja-doradcy-rolniczego-z-terenu-gminy-zelazkow","status":"publish","type":"post","link":"https:\/\/www.zelazkow.pl\/?p=11140","title":{"rendered":"Informacja doradcy rolniczego z terenu gminy \u017belazk\u00f3w"},"content":{"rendered":"\t\t<div data-elementor-type=\"wp-post\" data-elementor-id=\"11140\" class=\"elementor elementor-11140\">\n\t\t\t\t\t\t\t\t\t<section class=\"elementor-section elementor-top-section elementor-element elementor-element-1f47dbef elementor-section-boxed elementor-section-height-default elementor-section-height-default\" data-id=\"1f47dbef\" data-element_type=\"section\" data-settings=\"{&quot;jet_parallax_layout_list&quot;:[]}\">\n\t\t\t\t\t\t<div class=\"elementor-container elementor-column-gap-default\">\n\t\t\t\t\t<div class=\"elementor-column elementor-col-100 elementor-top-column elementor-element elementor-element-1b1e1d96\" data-id=\"1b1e1d96\" data-element_type=\"column\">\n\t\t\t<div class=\"elementor-widget-wrap elementor-element-populated\">\n\t\t\t\t\t\t\t\t<div class=\"elementor-element elementor-element-5e41f06a elementor-widget elementor-widget-text-editor\" data-id=\"5e41f06a\" data-element_type=\"widget\" data-widget_type=\"text-editor.default\">\n\t\t\t\t<div class=\"elementor-widget-container\">\n\t\t\t<style>\/*! elementor - v3.18.0 - 20-12-2023 *\/\n.elementor-widget-text-editor.elementor-drop-cap-view-stacked .elementor-drop-cap{background-color:#69727d;color:#fff}.elementor-widget-text-editor.elementor-drop-cap-view-framed .elementor-drop-cap{color:#69727d;border:3px solid;background-color:transparent}.elementor-widget-text-editor:not(.elementor-drop-cap-view-default) .elementor-drop-cap{margin-top:8px}.elementor-widget-text-editor:not(.elementor-drop-cap-view-default) .elementor-drop-cap-letter{width:1em;height:1em}.elementor-widget-text-editor .elementor-drop-cap{float:left;text-align:center;line-height:1;font-size:50px}.elementor-widget-text-editor .elementor-drop-cap-letter{display:inline-block}<\/style>\t\t\t\t<div dir=\"auto\">Na pro\u015bb\u0119 doradcy rolniczego z terenu gminy \u017belazk\u00f3w informujemy, \u017ce prowadzone s\u0105 zapisy ch\u0119tnych na szkolenie obowi\u0105zkowe dla os\u00f3b ubiegaj\u0105cych si\u0119 o p\u0142atno\u015b\u0107 z tytu\u0142u:<\/div>\r\n<div dir=\"auto\"><strong>Zr\u00f3wnowa\u017conego gospodarowania zasobami naturalnymi, takimi jak: woda, gleba, powietrze oraz klimat,<\/strong><\/div>\r\n<div dir=\"auto\">w kontek\u015bcie wdra\u017cania interwencji PS WPR na lata 2023\u20132027<\/div>\r\n<div dir=\"auto\">pn. \u201eInwestycje przyczyniaj\u0105ce si\u0119 do ochrony \u015brodowiska i klimatu\u201d.<\/div>\r\n<div dir=\"auto\">\r\nUczestnictwo w szkoleniu jest warunkiem niezb\u0119dnym do ubiegania si\u0119 o przedmiotow\u0105 p\u0142atno\u015b\u0107.<\/div>\r\n<div dir=\"auto\">\r\n<strong>Osoby zainteresowane proszone s\u0105 o zg\u0142aszanie swojego udzia\u0142u:<\/strong><\/div>\r\n<div dir=\"auto\"><strong>&#8211; pod numerem tel. 453 016 521 lub<\/strong><\/div>\r\n<div dir=\"auto\"><strong>&#8211; w Sp\u00f3\u0142dzielni K\u00f3\u0142ek Rolniczych w \u017belazkowie, \u017belazk\u00f3w 122, 62-817 \u017belazk\u00f3w<\/strong><\/div>\r\n<div dir=\"auto\">\r\nSzczeg\u00f3\u0142owe informacje dotycz\u0105ce terminu i miejsca szkolenia zostan\u0105 podane po zako\u0144czeniu zapis\u00f3w.<\/div>\t\t\t\t\t\t<\/div>\n\t\t\t\t<\/div>\n\t\t\t\t\t<\/div>\n\t\t<\/div>\n\t\t\t\t\t\t\t<\/div>\n\t\t<\/section>\n\t\t\t\t<section class=\"elementor-section elementor-top-section elementor-element elementor-element-f6f0975 elementor-section-boxed elementor-section-height-default elementor-section-height-default\" data-id=\"f6f0975\" data-element_type=\"section\" data-settings=\"{&quot;jet_parallax_layout_list&quot;:[]}\">\n\t\t\t\t\t\t<div class=\"elementor-container elementor-column-gap-default\">\n\t\t\t\t\t<div class=\"elementor-column elementor-col-100 elementor-top-column elementor-element elementor-element-8973723\" data-id=\"8973723\" data-element_type=\"column\">\n\t\t\t<div class=\"elementor-widget-wrap elementor-element-populated\">\n\t\t\t\t\t\t\t\t<div class=\"elementor-element elementor-element-78969a5 elementor-widget elementor-widget-image\" data-id=\"78969a5\" data-element_type=\"widget\" data-widget_type=\"image.default\">\n\t\t\t\t<div class=\"elementor-widget-container\">\n\t\t\t<style>\/*! elementor - v3.18.0 - 20-12-2023 *\/\n.elementor-widget-image{text-align:center}.elementor-widget-image a{display:inline-block}.elementor-widget-image a img[src$=\".svg\"]{width:48px}.elementor-widget-image img{vertical-align:middle;display:inline-block}<\/style>\t\t\t\t\t\t\t\t\t\t\t\t<img fetchpriority=\"high\" decoding=\"async\" width=\"724\" height=\"1024\" src=\"https:\/\/www.zelazkow.pl\/wp-content\/uploads\/2026\/01\/Plakat-informacyjno-promocyjny-w-formacie-A4_page-0001-724x1024.jpg\" class=\"attachment-large size-large wp-image-11177\" alt=\"\" srcset=\"https:\/\/www.zelazkow.pl\/wp-content\/uploads\/2026\/01\/Plakat-informacyjno-promocyjny-w-formacie-A4_page-0001-724x1024.jpg 724w, https:\/\/www.zelazkow.pl\/wp-content\/uploads\/2026\/01\/Plakat-informacyjno-promocyjny-w-formacie-A4_page-0001-212x300.jpg 212w, https:\/\/www.zelazkow.pl\/wp-content\/uploads\/2026\/01\/Plakat-informacyjno-promocyjny-w-formacie-A4_page-0001-768x1086.jpg 768w, https:\/\/www.zelazkow.pl\/wp-content\/uploads\/2026\/01\/Plakat-informacyjno-promocyjny-w-formacie-A4_page-0001-1086x1536.jpg 1086w, https:\/\/www.zelazkow.pl\/wp-content\/uploads\/2026\/01\/Plakat-informacyjno-promocyjny-w-formacie-A4_page-0001-1448x2048.jpg 1448w, https:\/\/www.zelazkow.pl\/wp-content\/uploads\/2026\/01\/Plakat-informacyjno-promocyjny-w-formacie-A4_page-0001-scaled.jpg 1810w\" sizes=\"(max-width: 724px) 100vw, 724px\" \/>\t\t\t\t\t\t\t\t\t\t\t\t\t\t\t<\/div>\n\t\t\t\t<\/div>\n\t\t\t\t\t<\/div>\n\t\t<\/div>\n\t\t\t\t\t\t\t<\/div>\n\t\t<\/section>\n\t\t\t\t\t\t\t<\/div>\n\t\t","protected":false},"excerpt":{"rendered":"<p>Na pro\u015bb\u0119 doradcy rolniczego z terenu gminy \u017belazk\u00f3w informujemy, \u017ce prowadzone s\u0105 zapisy ch\u0119tnych na szkolenie obowi\u0105zkowe dla os\u00f3b ubiegaj\u0105cych si\u0119 o p\u0142atno\u015b\u0107 z tytu\u0142u: Zr\u00f3wnowa\u017conego gospodarowania zasobami naturalnymi, takimi jak: woda, gleba, powietrze oraz klimat, w kontek\u015bcie wdra\u017cania interwencji PS WPR na lata 2023\u20132027 pn. \u201eInwestycje przyczyniaj\u0105ce si\u0119 do ochrony \u015brodowiska i klimatu\u201d. Uczestnictwo [&hellip;]<\/p>\n","protected":false},"author":9,"featured_media":11142,"comment_status":"closed","ping_status":"closed","sticky":false,"template":"","format":"standard","meta":{"footnotes":""},"categories":[23,25],"tags":[],"post_folder":[],"_links":{"self":[{"href":"https:\/\/www.zelazkow.pl\/index.php?rest_route=\/wp\/v2\/posts\/11140"}],"collection":[{"href":"https:\/\/www.zelazkow.pl\/index.php?rest_route=\/wp\/v2\/posts"}],"about":[{"href":"https:\/\/www.zelazkow.pl\/index.php?rest_route=\/wp\/v2\/types\/post"}],"author":[{"embeddable":true,"href":"https:\/\/www.zelazkow.pl\/index.php?rest_route=\/wp\/v2\/users\/9"}],"replies":[{"embeddable":true,"href":"https:\/\/www.zelazkow.pl\/index.php?rest_route=%2Fwp%2Fv2%2Fcomments&post=11140"}],"version-history":[{"count":4,"href":"https:\/\/www.zelazkow.pl\/index.php?rest_route=\/wp\/v2\/posts\/11140\/revisions"}],"predecessor-version":[{"id":11180,"href":"https:\/\/www.zelazkow.pl\/index.php?rest_route=\/wp\/v2\/posts\/11140\/revisions\/11180"}],"wp:featuredmedia":[{"embeddable":true,"href":"https:\/\/www.zelazkow.pl\/index.php?rest_route=\/wp\/v2\/media\/11142"}],"wp:attachment":[{"href":"https:\/\/www.zelazkow.pl\/index.php?rest_route=%2Fwp%2Fv2%2Fmedia&parent=11140"}],"wp:term":[{"taxonomy":"category","embeddable":true,"href":"https:\/\/www.zelazkow.pl\/index.php?rest_route=%2Fwp%2Fv2%2Fcategories&post=11140"},{"taxonomy":"post_tag","embeddable":true,"href":"https:\/\/www.zelazkow.pl\/index.php?rest_route=%2Fwp%2Fv2%2Ftags&post=11140"},{"taxonomy":"post_folder","embeddable":true,"href":"https:\/\/www.zelazkow.pl\/index.php?rest_route=%2Fwp%2Fv2%2Fpost_folder&post=11140"}],"curies":[{"name":"wp","href":"https:\/\/api.w.org\/{rel}","templated":true}]}}