{"id":11118,"date":"2026-01-14T07:43:43","date_gmt":"2026-01-14T07:43:43","guid":{"rendered":"https:\/\/www.zelazkow.pl\/?p=11118"},"modified":"2026-01-15T08:27:38","modified_gmt":"2026-01-15T08:27:38","slug":"zmarl-sylwiusz-jakubowski-wieloletni-wlodarz-gminy-zelazkow","status":"publish","type":"post","link":"https:\/\/www.zelazkow.pl\/?p=11118","title":{"rendered":"Zmar\u0142 Sylwiusz Jakubowski &#8211; wieloletni w\u0142odarz gminy \u017belazk\u00f3w"},"content":{"rendered":"<div class=\"xdj266r x14z9mp xat24cr x1lziwak x1vvkbs x126k92a\">\n<div dir=\"auto\"><strong>Szanowni Pa\u0144stwo,<\/strong><\/div>\n<div dir=\"auto\"><strong>informujemy, \u017ce msza \u015bw. \u017ca\u0142obna za \u015b.p. Sylwiusza Jakubowskiego zostanie odprawiona<\/strong><\/div>\n<div dir=\"auto\"><strong>w dniu 17 stycznia 2026r. (sobota)<\/strong><\/div>\n<div dir=\"auto\"><strong>o godz. 10:00<\/strong><\/div>\n<div dir=\"auto\"><strong>w ko\u015bciele pw. Niepokalanego Pocz\u0119cia NMP w Goliszewie,<\/strong><\/div>\n<div dir=\"auto\"><strong>po czym nast\u0105pi odprowadzenie Zmar\u0142ego na Cmentarz Tyniecki w Kaliszu<\/strong><\/div>\n<\/div>\n","protected":false},"excerpt":{"rendered":"<p>Szanowni Pa\u0144stwo, informujemy, \u017ce msza \u015bw. \u017ca\u0142obna za \u015b.p. Sylwiusza Jakubowskiego zostanie odprawiona w dniu 17 stycznia 2026r. (sobota) o godz. 10:00 w ko\u015bciele pw. Niepokalanego Pocz\u0119cia NMP w Goliszewie, po czym nast\u0105pi odprowadzenie Zmar\u0142ego na Cmentarz Tyniecki w Kaliszu<\/p>\n","protected":false},"author":9,"featured_media":11121,"comment_status":"closed","ping_status":"closed","sticky":false,"template":"","format":"standard","meta":{"footnotes":""},"categories":[23],"tags":[],"post_folder":[],"_links":{"self":[{"href":"https:\/\/www.zelazkow.pl\/index.php?rest_route=\/wp\/v2\/posts\/11118"}],"collection":[{"href":"https:\/\/www.zelazkow.pl\/index.php?rest_route=\/wp\/v2\/posts"}],"about":[{"href":"https:\/\/www.zelazkow.pl\/index.php?rest_route=\/wp\/v2\/types\/post"}],"author":[{"embeddable":true,"href":"https:\/\/www.zelazkow.pl\/index.php?rest_route=\/wp\/v2\/users\/9"}],"replies":[{"embeddable":true,"href":"https:\/\/www.zelazkow.pl\/index.php?rest_route=%2Fwp%2Fv2%2Fcomments&post=11118"}],"version-history":[{"count":3,"href":"https:\/\/www.zelazkow.pl\/index.php?rest_route=\/wp\/v2\/posts\/11118\/revisions"}],"predecessor-version":[{"id":11123,"href":"https:\/\/www.zelazkow.pl\/index.php?rest_route=\/wp\/v2\/posts\/11118\/revisions\/11123"}],"wp:featuredmedia":[{"embeddable":true,"href":"https:\/\/www.zelazkow.pl\/index.php?rest_route=\/wp\/v2\/media\/11121"}],"wp:attachment":[{"href":"https:\/\/www.zelazkow.pl\/index.php?rest_route=%2Fwp%2Fv2%2Fmedia&parent=11118"}],"wp:term":[{"taxonomy":"category","embeddable":true,"href":"https:\/\/www.zelazkow.pl\/index.php?rest_route=%2Fwp%2Fv2%2Fcategories&post=11118"},{"taxonomy":"post_tag","embeddable":true,"href":"https:\/\/www.zelazkow.pl\/index.php?rest_route=%2Fwp%2Fv2%2Ftags&post=11118"},{"taxonomy":"post_folder","embeddable":true,"href":"https:\/\/www.zelazkow.pl\/index.php?rest_route=%2Fwp%2Fv2%2Fpost_folder&post=11118"}],"curies":[{"name":"wp","href":"https:\/\/api.w.org\/{rel}","templated":true}]}}