{"id":10974,"date":"2025-12-23T08:04:21","date_gmt":"2025-12-23T08:04:21","guid":{"rendered":"https:\/\/www.zelazkow.pl\/?p=10974"},"modified":"2025-12-23T08:04:21","modified_gmt":"2025-12-23T08:04:21","slug":"uruchomienie-syren-2","status":"publish","type":"post","link":"https:\/\/www.zelazkow.pl\/?p=10974","title":{"rendered":"URUCHOMIENIE SYREN"},"content":{"rendered":"<p>W ramach trening\u00f3w i \u0107wicze\u0144 dotycz\u0105cych system\u00f3w alarmowania, celem jednoczesnego upami\u0119tnienia 107. rocznicy wybuchu Powstania Wielkopolskiego, <strong>w dniu 27 grudnia br. o godz. 16:40<\/strong> nadany zostanie akustyczny sygna\u0142 alarmowy (syrena) trwaj\u0105cy 1 minut\u0119<\/p>\n","protected":false},"excerpt":{"rendered":"<p>W ramach trening\u00f3w i \u0107wicze\u0144 dotycz\u0105cych system\u00f3w alarmowania, celem jednoczesnego upami\u0119tnienia 107. rocznicy wybuchu Powstania Wielkopolskiego, w dniu 27 grudnia br. o godz. 16:40 nadany zostanie akustyczny sygna\u0142 alarmowy (syrena) trwaj\u0105cy 1 minut\u0119<\/p>\n","protected":false},"author":9,"featured_media":10232,"comment_status":"closed","ping_status":"closed","sticky":false,"template":"","format":"standard","meta":{"footnotes":""},"categories":[23,25,24],"tags":[],"post_folder":[],"_links":{"self":[{"href":"https:\/\/www.zelazkow.pl\/index.php?rest_route=\/wp\/v2\/posts\/10974"}],"collection":[{"href":"https:\/\/www.zelazkow.pl\/index.php?rest_route=\/wp\/v2\/posts"}],"about":[{"href":"https:\/\/www.zelazkow.pl\/index.php?rest_route=\/wp\/v2\/types\/post"}],"author":[{"embeddable":true,"href":"https:\/\/www.zelazkow.pl\/index.php?rest_route=\/wp\/v2\/users\/9"}],"replies":[{"embeddable":true,"href":"https:\/\/www.zelazkow.pl\/index.php?rest_route=%2Fwp%2Fv2%2Fcomments&post=10974"}],"version-history":[{"count":1,"href":"https:\/\/www.zelazkow.pl\/index.php?rest_route=\/wp\/v2\/posts\/10974\/revisions"}],"predecessor-version":[{"id":10975,"href":"https:\/\/www.zelazkow.pl\/index.php?rest_route=\/wp\/v2\/posts\/10974\/revisions\/10975"}],"wp:featuredmedia":[{"embeddable":true,"href":"https:\/\/www.zelazkow.pl\/index.php?rest_route=\/wp\/v2\/media\/10232"}],"wp:attachment":[{"href":"https:\/\/www.zelazkow.pl\/index.php?rest_route=%2Fwp%2Fv2%2Fmedia&parent=10974"}],"wp:term":[{"taxonomy":"category","embeddable":true,"href":"https:\/\/www.zelazkow.pl\/index.php?rest_route=%2Fwp%2Fv2%2Fcategories&post=10974"},{"taxonomy":"post_tag","embeddable":true,"href":"https:\/\/www.zelazkow.pl\/index.php?rest_route=%2Fwp%2Fv2%2Ftags&post=10974"},{"taxonomy":"post_folder","embeddable":true,"href":"https:\/\/www.zelazkow.pl\/index.php?rest_route=%2Fwp%2Fv2%2Fpost_folder&post=10974"}],"curies":[{"name":"wp","href":"https:\/\/api.w.org\/{rel}","templated":true}]}}