{"id":10768,"date":"2025-11-25T08:09:32","date_gmt":"2025-11-25T08:09:32","guid":{"rendered":"https:\/\/www.zelazkow.pl\/?p=10768"},"modified":"2025-11-25T08:11:14","modified_gmt":"2025-11-25T08:11:14","slug":"dyzur-informacyjny-ksef","status":"publish","type":"post","link":"https:\/\/www.zelazkow.pl\/?p=10768","title":{"rendered":"Dy\u017cur informacyjny KSeF"},"content":{"rendered":"<p><strong>12 grudnia 2025r. (pi\u0105tek)<\/strong> w godzinach <strong>8:30 &#8211; 10:30<\/strong> w Urz\u0119dzie Gminy \u017belazk\u00f3w eksperci z Drugiego Urz\u0119du Skarbowego w Kaliszu b\u0119d\u0105 odpowiada\u0107 na Pa\u0144stwa pytania zwi\u0105zane z KSeF.<\/p>\n<p>Zapraszamy!<\/p>\n<style>\/*! elementor - v3.18.0 - 20-12-2023 *\/<br \/>\n.elementor-widget-image{text-align:center}.elementor-widget-image a{display:inline-block}.elementor-widget-image a img[src$=\".svg\"]{width:48px}.elementor-widget-image img{vertical-align:middle;display:inline-block}<\/style>\n<p><img fetchpriority=\"high\" decoding=\"async\" src=\"https:\/\/www.zelazkow.pl\/wp-content\/uploads\/2025\/11\/KSeF-2_0-plakat-A3_DUS_Kalisz-724x1024.png\" sizes=\"(max-width: 724px) 100vw, 724px\" srcset=\"https:\/\/www.zelazkow.pl\/wp-content\/uploads\/2025\/11\/KSeF-2_0-plakat-A3_DUS_Kalisz-724x1024.png 724w, https:\/\/www.zelazkow.pl\/wp-content\/uploads\/2025\/11\/KSeF-2_0-plakat-A3_DUS_Kalisz-212x300.png 212w, https:\/\/www.zelazkow.pl\/wp-content\/uploads\/2025\/11\/KSeF-2_0-plakat-A3_DUS_Kalisz-768x1086.png 768w, https:\/\/www.zelazkow.pl\/wp-content\/uploads\/2025\/11\/KSeF-2_0-plakat-A3_DUS_Kalisz-1086x1536.png 1086w, https:\/\/www.zelazkow.pl\/wp-content\/uploads\/2025\/11\/KSeF-2_0-plakat-A3_DUS_Kalisz-1448x2048.png 1448w, https:\/\/www.zelazkow.pl\/wp-content\/uploads\/2025\/11\/KSeF-2_0-plakat-A3_DUS_Kalisz.png 1754w\" alt=\"\" width=\"724\" height=\"1024\" \/><\/p>\n","protected":false},"excerpt":{"rendered":"<p>12 grudnia 2025r. (pi\u0105tek) w godzinach 8:30 &#8211; 10:30 w Urz\u0119dzie Gminy \u017belazk\u00f3w eksperci z Drugiego Urz\u0119du Skarbowego w Kaliszu b\u0119d\u0105 odpowiada\u0107 na Pa\u0144stwa pytania zwi\u0105zane z KSeF. Zapraszamy!<\/p>\n","protected":false},"author":9,"featured_media":10769,"comment_status":"closed","ping_status":"closed","sticky":false,"template":"","format":"standard","meta":{"footnotes":""},"categories":[23,25],"tags":[],"post_folder":[],"_links":{"self":[{"href":"https:\/\/www.zelazkow.pl\/index.php?rest_route=\/wp\/v2\/posts\/10768"}],"collection":[{"href":"https:\/\/www.zelazkow.pl\/index.php?rest_route=\/wp\/v2\/posts"}],"about":[{"href":"https:\/\/www.zelazkow.pl\/index.php?rest_route=\/wp\/v2\/types\/post"}],"author":[{"embeddable":true,"href":"https:\/\/www.zelazkow.pl\/index.php?rest_route=\/wp\/v2\/users\/9"}],"replies":[{"embeddable":true,"href":"https:\/\/www.zelazkow.pl\/index.php?rest_route=%2Fwp%2Fv2%2Fcomments&post=10768"}],"version-history":[{"count":5,"href":"https:\/\/www.zelazkow.pl\/index.php?rest_route=\/wp\/v2\/posts\/10768\/revisions"}],"predecessor-version":[{"id":10775,"href":"https:\/\/www.zelazkow.pl\/index.php?rest_route=\/wp\/v2\/posts\/10768\/revisions\/10775"}],"wp:featuredmedia":[{"embeddable":true,"href":"https:\/\/www.zelazkow.pl\/index.php?rest_route=\/wp\/v2\/media\/10769"}],"wp:attachment":[{"href":"https:\/\/www.zelazkow.pl\/index.php?rest_route=%2Fwp%2Fv2%2Fmedia&parent=10768"}],"wp:term":[{"taxonomy":"category","embeddable":true,"href":"https:\/\/www.zelazkow.pl\/index.php?rest_route=%2Fwp%2Fv2%2Fcategories&post=10768"},{"taxonomy":"post_tag","embeddable":true,"href":"https:\/\/www.zelazkow.pl\/index.php?rest_route=%2Fwp%2Fv2%2Ftags&post=10768"},{"taxonomy":"post_folder","embeddable":true,"href":"https:\/\/www.zelazkow.pl\/index.php?rest_route=%2Fwp%2Fv2%2Fpost_folder&post=10768"}],"curies":[{"name":"wp","href":"https:\/\/api.w.org\/{rel}","templated":true}]}}