{"id":10726,"date":"2025-11-19T08:21:58","date_gmt":"2025-11-19T08:21:58","guid":{"rendered":"https:\/\/www.zelazkow.pl\/?p=10726"},"modified":"2025-11-19T08:23:53","modified_gmt":"2025-11-19T08:23:53","slug":"psy-walesajace-sie-ale-nie-bezdomne","status":"publish","type":"post","link":"https:\/\/www.zelazkow.pl\/?p=10726","title":{"rendered":"PSY WA\u0141\u0118SAJ\u0104CE SI\u0118, ALE NIE BEZDOMNE!"},"content":{"rendered":"\t\t<div data-elementor-type=\"wp-post\" data-elementor-id=\"10726\" class=\"elementor elementor-10726\">\n\t\t\t\t\t\t\t\t\t<section class=\"elementor-section elementor-top-section elementor-element elementor-element-3e0b7d84 elementor-section-boxed elementor-section-height-default elementor-section-height-default\" data-id=\"3e0b7d84\" data-element_type=\"section\" data-settings=\"{&quot;jet_parallax_layout_list&quot;:[]}\">\n\t\t\t\t\t\t<div class=\"elementor-container elementor-column-gap-default\">\n\t\t\t\t\t<div class=\"elementor-column elementor-col-100 elementor-top-column elementor-element elementor-element-493f2fee\" data-id=\"493f2fee\" data-element_type=\"column\">\n\t\t\t<div class=\"elementor-widget-wrap elementor-element-populated\">\n\t\t\t\t\t\t\t\t<div class=\"elementor-element elementor-element-6cdd71f6 elementor-widget elementor-widget-text-editor\" data-id=\"6cdd71f6\" data-element_type=\"widget\" data-widget_type=\"text-editor.default\">\n\t\t\t\t<div class=\"elementor-widget-container\">\n\t\t\t<style>\/*! elementor - v3.18.0 - 20-12-2023 *\/\n.elementor-widget-text-editor.elementor-drop-cap-view-stacked .elementor-drop-cap{background-color:#69727d;color:#fff}.elementor-widget-text-editor.elementor-drop-cap-view-framed .elementor-drop-cap{color:#69727d;border:3px solid;background-color:transparent}.elementor-widget-text-editor:not(.elementor-drop-cap-view-default) .elementor-drop-cap{margin-top:8px}.elementor-widget-text-editor:not(.elementor-drop-cap-view-default) .elementor-drop-cap-letter{width:1em;height:1em}.elementor-widget-text-editor .elementor-drop-cap{float:left;text-align:center;line-height:1;font-size:50px}.elementor-widget-text-editor .elementor-drop-cap-letter{display:inline-block}<\/style>\t\t\t\t<p>Jak co roku w okresie wiosennym i jesiennym na terenie naszej gminy nasila si\u0119 zjawisko <strong>wa\u0142\u0119saj\u0105cych si\u0119 ps\u00f3w<\/strong> . Prawie w ka\u017cdym przypadku psy te <strong>maj\u0105 swoich w\u0142a\u015bcicieli<\/strong>, a pojawiaj\u0105ce si\u0119 tzw. \u201ebezdomne\u201d psy to g\u0142\u00f3wnie zwierz\u0119ta nieodpowiednio dopilnowane przez w\u0142a\u015bcicieli. O uznaniu psa za \u201ebezpa\u0144skiego\u201d czy \u201ebezdomnego\u201d nie mo\u017ce \u015bwiadczy\u0107 tylko fakt, \u017ce zwierz\u0119 pojawia si\u0119 o odpowiednich porach w danej okolicy, bowiem takie przypadki s\u0105 szczeg\u00f3lnie liczne w okresie godowym zwierz\u0105t. Cz\u0119ste s\u0105 te\u017c niestety przypadki \u201eodprowadzania\u201d dzieci do szko\u0142y przez psy, kt\u00f3re nast\u0119pnie przez kilka godzin wa\u0142\u0119saj\u0105 po okolicy.<br \/><br \/>Ka\u017cdy posiadacz psa musi wiedzie\u0107, \u017ce <strong>obowi\u0105zek odpowiedniego pilnowania <\/strong><strong>czworonoga <\/strong>nak\u0142ada na niego wspomniana ju\u017c ustawa o ochronie zwierz\u0105t z dnia 21 sierpnia 1997 r. (t.j. Dz. U. z 2023 r. poz. 1580) oraz ustawa z dnia 20 maja 1971 r. Kodeks Wykrocze\u0144 (t.j. Dz.U. z 2025 r. poz. 7342). Pies nie mo\u017ce biega\u0107 w miejscach og\u00f3lnodost\u0119pnych (publicznych) bez odpowiedniego nadzoru.<br \/><br \/>Obowi\u0105zek szczeg\u00f3lnej ostro\u017cno\u015bci, przy trzymaniu zwierz\u0119cia, nak\u0142ada bowiem na w\u0142a\u015bciciela art. 77 Kodeksu Wykrocze\u0144 m\u00f3wi\u0105cy, \u017ce: \u201e <strong>Kto nie zachowuje zwyk\u0142ych lub nakazanych \u015brodk\u00f3w ostro\u017cno\u015bci przy trzymaniu zwierz\u0119cia, podlega karze ograniczenia wolno\u015bci, grzywny do 1000 z\u0142otych albo karze nagany.\u201d<\/strong> Zaniechanie zwyk\u0142ych lub nakazanych \u015brodk\u00f3w ostro\u017cno\u015bci przy trzymaniu psa, mo\u017ce nie tylko skutkowa\u0107 odpowiedzialno\u015bci\u0105 za wykroczenie.<br \/><br \/>W przypadku, kiedy pies <strong>w wyniku pogryzienia<\/strong> spowoduje u innej osoby obra\u017cenia, w\u0142a\u015bciciel czworonoga mo\u017ce <strong>odpowiada\u0107 jak za przest\u0119pstwo<\/strong>. W zale\u017cno\u015bci od rozmiar\u00f3w obra\u017ce\u0144 \u2013 w gr\u0119 mo\u017ce wchodzi\u0107 odpowiedzialno\u015b\u0107 z art. 156 lub 157 Kodeksu Karnego, a takie zg\u0142oszenia wymagaj\u0105 reakcji.<br \/><br \/>Przypominamy wi\u0119c w\u0142a\u015bcicielom zwierz\u0105t o ich podstawowych obowi\u0105zkach, a w szczeg\u00f3lno\u015bci: o sta\u0142ym skutecznym dozorze nad psami i innymi zwierz\u0119tami, przypomina r\u00f3wnie\u017c o sposobach post\u0119powania w przypadkach wa\u0142\u0119saj\u0105cych si\u0119 ps\u00f3w:<br \/>&#8211; w przypadku gdy w\u0142a\u015bciciel wa\u0142\u0119saj\u0105cego si\u0119 psa jest znany, nale\u017cy fakt ten zg\u0142osi\u0107 na Policj\u0119 , kt\u00f3ra ma prawo na\u0142o\u017cy\u0107 mandat na nieodpowiedzialnego w\u0142a\u015bciciela zwierz\u0119cia. W przypadku notorycznego braku nadzoru nad psem mo\u017ce kierowa\u0107 do s\u0105du z wnioskiem o ukaranie w\u0142a\u015bciciela psa,<br \/>&#8211; w razie potwierdzonej bezdomno\u015bci zwierz\u0119cia oraz w przypadkach zagro\u017cenia zdrowia mieszka\u0144c\u00f3w, np. gdy pies jest agresywny i atakuje mieszka\u0144c\u00f3w, Gmina podejmie interwencj\u0119 wy\u0142apania zwierz\u0119cia i odwiezienia go do schroniska.<br \/><br \/>Nale\u017cy w tym miejscu zaznaczy\u0107, \u017ce zar\u00f3wno wy\u0142apywanie wa\u0142\u0119saj\u0105cych si\u0119 ps\u00f3w, jak i umieszczanie ich w schronisku to bardzo kosztowne zadanie. Dlatego bardzo wa\u017cne jest, by informowa\u0107 Policj\u0119 lub ewentualnie Urz\u0105d Gminy o takich przypadkach, w celu podj\u0119cia odpowiednich krok\u00f3w wobec nich, a tak\u017ce unikni\u0119cia koszt\u00f3w interwencji weterynarza i oddania psa do schroniska.<br \/><strong><br \/>Gor\u0105co do Pa\u0144stwa apelujemy!!!<br \/>Apelujemy o czujno\u015b\u0107 w ka\u017cdym przypadku ludzkiej nieodpowiedzialno\u015bci.<br \/>Pami\u0119tajmy, \u017ce za zachowanie psa zawsze odpowiada jego w\u0142a\u015bciciel. Szkody, kt\u00f3re czyni\u0105 zwierz\u0119ta domowe, wynikaj\u0105 z b\u0142\u0119d\u00f3w pope\u0142nianych przez ludzi. Je\u017celi jeste\u015b w\u0142a\u015bcicielem psa pami\u0119taj, \u017ce nie wywi\u0105zywanie si\u0119 z obowi\u0105zk\u00f3w i brak wyobra\u017ani, mo\u017ce prowadzi\u0107 do tragedii.<\/strong><\/p>\t\t\t\t\t\t<\/div>\n\t\t\t\t<\/div>\n\t\t\t\t\t<\/div>\n\t\t<\/div>\n\t\t\t\t\t\t\t<\/div>\n\t\t<\/section>\n\t\t\t\t<section class=\"elementor-section elementor-top-section elementor-element elementor-element-ea6d208 elementor-section-boxed elementor-section-height-default elementor-section-height-default\" data-id=\"ea6d208\" data-element_type=\"section\" data-settings=\"{&quot;jet_parallax_layout_list&quot;:[]}\">\n\t\t\t\t\t\t<div class=\"elementor-container elementor-column-gap-default\">\n\t\t\t\t\t<div class=\"elementor-column elementor-col-100 elementor-top-column elementor-element elementor-element-83d5a09\" data-id=\"83d5a09\" data-element_type=\"column\">\n\t\t\t<div class=\"elementor-widget-wrap elementor-element-populated\">\n\t\t\t\t\t\t\t\t<div class=\"elementor-element elementor-element-045bebd elementor-widget elementor-widget-image\" data-id=\"045bebd\" data-element_type=\"widget\" data-widget_type=\"image.default\">\n\t\t\t\t<div class=\"elementor-widget-container\">\n\t\t\t<style>\/*! elementor - v3.18.0 - 20-12-2023 *\/\n.elementor-widget-image{text-align:center}.elementor-widget-image a{display:inline-block}.elementor-widget-image a img[src$=\".svg\"]{width:48px}.elementor-widget-image img{vertical-align:middle;display:inline-block}<\/style>\t\t\t\t\t\t\t\t\t\t\t\t<img fetchpriority=\"high\" decoding=\"async\" width=\"724\" height=\"1024\" src=\"https:\/\/www.zelazkow.pl\/wp-content\/uploads\/2025\/11\/APEL_page-0001-724x1024.jpg\" class=\"attachment-large size-large wp-image-10729\" alt=\"\" srcset=\"https:\/\/www.zelazkow.pl\/wp-content\/uploads\/2025\/11\/APEL_page-0001-724x1024.jpg 724w, https:\/\/www.zelazkow.pl\/wp-content\/uploads\/2025\/11\/APEL_page-0001-212x300.jpg 212w, https:\/\/www.zelazkow.pl\/wp-content\/uploads\/2025\/11\/APEL_page-0001-768x1086.jpg 768w, https:\/\/www.zelazkow.pl\/wp-content\/uploads\/2025\/11\/APEL_page-0001-1086x1536.jpg 1086w, https:\/\/www.zelazkow.pl\/wp-content\/uploads\/2025\/11\/APEL_page-0001.jpg 1241w\" sizes=\"(max-width: 724px) 100vw, 724px\" \/>\t\t\t\t\t\t\t\t\t\t\t\t\t\t\t<\/div>\n\t\t\t\t<\/div>\n\t\t\t\t\t<\/div>\n\t\t<\/div>\n\t\t\t\t\t\t\t<\/div>\n\t\t<\/section>\n\t\t\t\t<section class=\"elementor-section elementor-top-section elementor-element elementor-element-c931c69 elementor-section-boxed elementor-section-height-default elementor-section-height-default\" data-id=\"c931c69\" data-element_type=\"section\" data-settings=\"{&quot;jet_parallax_layout_list&quot;:[]}\">\n\t\t\t\t\t\t<div class=\"elementor-container elementor-column-gap-default\">\n\t\t\t\t\t<div class=\"elementor-column elementor-col-100 elementor-top-column elementor-element elementor-element-52258c1\" data-id=\"52258c1\" data-element_type=\"column\">\n\t\t\t<div class=\"elementor-widget-wrap elementor-element-populated\">\n\t\t\t\t\t\t\t\t<div class=\"elementor-element elementor-element-89d2fa4 elementor-widget elementor-widget-image\" data-id=\"89d2fa4\" data-element_type=\"widget\" data-widget_type=\"image.default\">\n\t\t\t\t<div class=\"elementor-widget-container\">\n\t\t\t\t\t\t\t\t\t\t\t\t\t\t\t<img decoding=\"async\" width=\"724\" height=\"1024\" src=\"https:\/\/www.zelazkow.pl\/wp-content\/uploads\/2025\/11\/APEL_page-0002-724x1024.jpg\" class=\"attachment-large size-large wp-image-10730\" alt=\"\" srcset=\"https:\/\/www.zelazkow.pl\/wp-content\/uploads\/2025\/11\/APEL_page-0002-724x1024.jpg 724w, https:\/\/www.zelazkow.pl\/wp-content\/uploads\/2025\/11\/APEL_page-0002-212x300.jpg 212w, https:\/\/www.zelazkow.pl\/wp-content\/uploads\/2025\/11\/APEL_page-0002-768x1086.jpg 768w, https:\/\/www.zelazkow.pl\/wp-content\/uploads\/2025\/11\/APEL_page-0002-1086x1536.jpg 1086w, https:\/\/www.zelazkow.pl\/wp-content\/uploads\/2025\/11\/APEL_page-0002.jpg 1241w\" sizes=\"(max-width: 724px) 100vw, 724px\" \/>\t\t\t\t\t\t\t\t\t\t\t\t\t\t\t<\/div>\n\t\t\t\t<\/div>\n\t\t\t\t\t<\/div>\n\t\t<\/div>\n\t\t\t\t\t\t\t<\/div>\n\t\t<\/section>\n\t\t\t\t\t\t\t<\/div>\n\t\t","protected":false},"excerpt":{"rendered":"<p>Jak co roku w okresie wiosennym i jesiennym na terenie naszej gminy nasila si\u0119 zjawisko wa\u0142\u0119saj\u0105cych si\u0119 ps\u00f3w . Prawie w ka\u017cdym przypadku psy te maj\u0105 swoich w\u0142a\u015bcicieli, a pojawiaj\u0105ce si\u0119 tzw. \u201ebezdomne\u201d psy to g\u0142\u00f3wnie zwierz\u0119ta nieodpowiednio dopilnowane przez w\u0142a\u015bcicieli. O uznaniu psa za \u201ebezpa\u0144skiego\u201d czy \u201ebezdomnego\u201d nie mo\u017ce \u015bwiadczy\u0107 tylko fakt, \u017ce zwierz\u0119 [&hellip;]<\/p>\n","protected":false},"author":9,"featured_media":10727,"comment_status":"closed","ping_status":"closed","sticky":false,"template":"","format":"standard","meta":{"footnotes":""},"categories":[23,25],"tags":[],"post_folder":[],"_links":{"self":[{"href":"https:\/\/www.zelazkow.pl\/index.php?rest_route=\/wp\/v2\/posts\/10726"}],"collection":[{"href":"https:\/\/www.zelazkow.pl\/index.php?rest_route=\/wp\/v2\/posts"}],"about":[{"href":"https:\/\/www.zelazkow.pl\/index.php?rest_route=\/wp\/v2\/types\/post"}],"author":[{"embeddable":true,"href":"https:\/\/www.zelazkow.pl\/index.php?rest_route=\/wp\/v2\/users\/9"}],"replies":[{"embeddable":true,"href":"https:\/\/www.zelazkow.pl\/index.php?rest_route=%2Fwp%2Fv2%2Fcomments&post=10726"}],"version-history":[{"count":7,"href":"https:\/\/www.zelazkow.pl\/index.php?rest_route=\/wp\/v2\/posts\/10726\/revisions"}],"predecessor-version":[{"id":10736,"href":"https:\/\/www.zelazkow.pl\/index.php?rest_route=\/wp\/v2\/posts\/10726\/revisions\/10736"}],"wp:featuredmedia":[{"embeddable":true,"href":"https:\/\/www.zelazkow.pl\/index.php?rest_route=\/wp\/v2\/media\/10727"}],"wp:attachment":[{"href":"https:\/\/www.zelazkow.pl\/index.php?rest_route=%2Fwp%2Fv2%2Fmedia&parent=10726"}],"wp:term":[{"taxonomy":"category","embeddable":true,"href":"https:\/\/www.zelazkow.pl\/index.php?rest_route=%2Fwp%2Fv2%2Fcategories&post=10726"},{"taxonomy":"post_tag","embeddable":true,"href":"https:\/\/www.zelazkow.pl\/index.php?rest_route=%2Fwp%2Fv2%2Ftags&post=10726"},{"taxonomy":"post_folder","embeddable":true,"href":"https:\/\/www.zelazkow.pl\/index.php?rest_route=%2Fwp%2Fv2%2Fpost_folder&post=10726"}],"curies":[{"name":"wp","href":"https:\/\/api.w.org\/{rel}","templated":true}]}}