{"id":10720,"date":"2025-11-18T12:46:09","date_gmt":"2025-11-18T12:46:09","guid":{"rendered":"https:\/\/www.zelazkow.pl\/?p=10720"},"modified":"2025-11-18T12:46:40","modified_gmt":"2025-11-18T12:46:40","slug":"porozmawiaj-z-notariuszem-dzien-otwarty-notariatu","status":"publish","type":"post","link":"https:\/\/www.zelazkow.pl\/?p=10720","title":{"rendered":"Porozmawiaj z notariuszem \u2013 Dzie\u0144 Otwarty Notariatu!"},"content":{"rendered":"\t\t<div data-elementor-type=\"wp-post\" data-elementor-id=\"10720\" class=\"elementor elementor-10720\">\n\t\t\t\t\t\t\t\t\t<section class=\"elementor-section elementor-top-section elementor-element elementor-element-271dabdc elementor-section-boxed elementor-section-height-default elementor-section-height-default\" data-id=\"271dabdc\" data-element_type=\"section\" data-settings=\"{&quot;jet_parallax_layout_list&quot;:[]}\">\n\t\t\t\t\t\t<div class=\"elementor-container elementor-column-gap-default\">\n\t\t\t\t\t<div class=\"elementor-column elementor-col-100 elementor-top-column elementor-element elementor-element-31e4aabb\" data-id=\"31e4aabb\" data-element_type=\"column\">\n\t\t\t<div class=\"elementor-widget-wrap elementor-element-populated\">\n\t\t\t\t\t\t\t\t<div class=\"elementor-element elementor-element-839693c elementor-widget elementor-widget-text-editor\" data-id=\"839693c\" data-element_type=\"widget\" data-widget_type=\"text-editor.default\">\n\t\t\t\t<div class=\"elementor-widget-container\">\n\t\t\t<style>\/*! elementor - v3.18.0 - 20-12-2023 *\/\n.elementor-widget-text-editor.elementor-drop-cap-view-stacked .elementor-drop-cap{background-color:#69727d;color:#fff}.elementor-widget-text-editor.elementor-drop-cap-view-framed .elementor-drop-cap{color:#69727d;border:3px solid;background-color:transparent}.elementor-widget-text-editor:not(.elementor-drop-cap-view-default) .elementor-drop-cap{margin-top:8px}.elementor-widget-text-editor:not(.elementor-drop-cap-view-default) .elementor-drop-cap-letter{width:1em;height:1em}.elementor-widget-text-editor .elementor-drop-cap{float:left;text-align:center;line-height:1;font-size:50px}.elementor-widget-text-editor .elementor-drop-cap-letter{display:inline-block}<\/style>\t\t\t\t<p>W imieniu koordynatora wydarzenia Dariusza Rodeckiego &#8211; notariusza, cz\u0142onka Rady Izby Notarialnej w \u0141odzi zapraszamy na:<\/p><p><strong>Dni Otwarte Notariatu<\/strong><\/p><p><strong>22 listopada, (sobota),<\/strong><\/p><p><strong>w godzinach 10:00\u201316:00<\/strong><\/p><p><strong>na Uniwersytecie Kaliskim (ul. Nowy \u015awiat 4, budynek Rektoratu \u2013 sala prof. Glinkowskiego).<\/strong><\/p><p>Warto wiedzie\u0107, \u017ce notariusze s\u0105 r\u00f3wnie\u017c prawnikami, posiadaj\u0105 eksperck\u0105 wiedz\u0119 prawn\u0105 i spore do\u015bwiadczenie, dzi\u0119ki czemu pomog\u0105 lepiej zrozumie\u0107 przepisy prawa.<\/p><p>W trakcie indywidualnych rozm\u00f3w notariusze b\u0119d\u0105 dzieli\u0107 si\u0119 wiedz\u0105 potrzebn\u0105 do podj\u0119cia \u015bwiadomych decyzji, ostrzega\u0107 przed pu\u0142apkami wynikaj\u0105cymi z nieznajomo\u015bci prawa oraz wyja\u015bnia\u0107, kt\u00f3re umowy i czynno\u015bci notarialnej b\u0119d\u0105 najlepszej w danej sytuacji.<\/p><p>Notariusz mo\u017ce pom\u00f3c mi.n. w takich kwestiach jak:<\/p><p>&#8211; sporz\u0105dzenie testamentu i zapewnienie bezpiecze\u0144stwa spadkobiercom,<\/p><p>&#8211; spadki, zachowki i ich podzia\u0142,<\/p><p>&#8211; do\u017cywocie i s\u0142u\u017cebno\u015b\u0107,<\/p><p>&#8211; ksi\u0119gi wieczyste,<\/p><p>&#8211; zabezpieczenie maj\u0105tku,<\/p><p>&#8211; darowizny i przekazywanie maj\u0105tku bliskim,<\/p><p>&#8211; nabycie lub sprzeda\u017c nieruchomo\u015bci,<\/p><p>&#8211; ustanowienie pe\u0142nomocnictwa lub zgody na dzia\u0142ania prawne,<\/p><p>&#8211; inne.<\/p><p><br \/>Przyjd\u017a, zapytaj i skorzystaj z bezp\u0142atnej wiedzy prawniczej notariuszy.<\/p>\t\t\t\t\t\t<\/div>\n\t\t\t\t<\/div>\n\t\t\t\t\t<\/div>\n\t\t<\/div>\n\t\t\t\t\t\t\t<\/div>\n\t\t<\/section>\n\t\t\t\t<section class=\"elementor-section elementor-top-section elementor-element elementor-element-c4e817f elementor-section-boxed elementor-section-height-default elementor-section-height-default\" data-id=\"c4e817f\" data-element_type=\"section\" data-settings=\"{&quot;jet_parallax_layout_list&quot;:[]}\">\n\t\t\t\t\t\t<div class=\"elementor-container elementor-column-gap-default\">\n\t\t\t\t\t<div class=\"elementor-column elementor-col-100 elementor-top-column elementor-element elementor-element-464ea17\" data-id=\"464ea17\" data-element_type=\"column\">\n\t\t\t<div class=\"elementor-widget-wrap elementor-element-populated\">\n\t\t\t\t\t\t\t\t<div class=\"elementor-element elementor-element-7bfc861 elementor-widget elementor-widget-image\" data-id=\"7bfc861\" data-element_type=\"widget\" data-widget_type=\"image.default\">\n\t\t\t\t<div class=\"elementor-widget-container\">\n\t\t\t<style>\/*! elementor - v3.18.0 - 20-12-2023 *\/\n.elementor-widget-image{text-align:center}.elementor-widget-image a{display:inline-block}.elementor-widget-image a img[src$=\".svg\"]{width:48px}.elementor-widget-image img{vertical-align:middle;display:inline-block}<\/style>\t\t\t\t\t\t\t\t\t\t\t\t<img fetchpriority=\"high\" decoding=\"async\" width=\"858\" height=\"1024\" src=\"https:\/\/www.zelazkow.pl\/wp-content\/uploads\/2025\/11\/128000don-plakat-858x1024.jpg\" class=\"attachment-large size-large wp-image-10722\" alt=\"\" srcset=\"https:\/\/www.zelazkow.pl\/wp-content\/uploads\/2025\/11\/128000don-plakat-858x1024.jpg 858w, https:\/\/www.zelazkow.pl\/wp-content\/uploads\/2025\/11\/128000don-plakat-251x300.jpg 251w, https:\/\/www.zelazkow.pl\/wp-content\/uploads\/2025\/11\/128000don-plakat-768x916.jpg 768w, https:\/\/www.zelazkow.pl\/wp-content\/uploads\/2025\/11\/128000don-plakat.jpg 1280w\" sizes=\"(max-width: 858px) 100vw, 858px\" \/>\t\t\t\t\t\t\t\t\t\t\t\t\t\t\t<\/div>\n\t\t\t\t<\/div>\n\t\t\t\t\t<\/div>\n\t\t<\/div>\n\t\t\t\t\t\t\t<\/div>\n\t\t<\/section>\n\t\t\t\t\t\t\t<\/div>\n\t\t","protected":false},"excerpt":{"rendered":"<p>W imieniu koordynatora wydarzenia Dariusza Rodeckiego &#8211; notariusza, cz\u0142onka Rady Izby Notarialnej w \u0141odzi zapraszamy na: Dni Otwarte Notariatu 22 listopada, (sobota), w godzinach 10:00\u201316:00 na Uniwersytecie Kaliskim (ul. Nowy \u015awiat 4, budynek Rektoratu \u2013 sala prof. Glinkowskiego). Warto wiedzie\u0107, \u017ce notariusze s\u0105 r\u00f3wnie\u017c prawnikami, posiadaj\u0105 eksperck\u0105 wiedz\u0119 prawn\u0105 i spore do\u015bwiadczenie, dzi\u0119ki czemu pomog\u0105 [&hellip;]<\/p>\n","protected":false},"author":9,"featured_media":8867,"comment_status":"closed","ping_status":"closed","sticky":false,"template":"","format":"standard","meta":{"footnotes":""},"categories":[23,25],"tags":[],"post_folder":[],"_links":{"self":[{"href":"https:\/\/www.zelazkow.pl\/index.php?rest_route=\/wp\/v2\/posts\/10720"}],"collection":[{"href":"https:\/\/www.zelazkow.pl\/index.php?rest_route=\/wp\/v2\/posts"}],"about":[{"href":"https:\/\/www.zelazkow.pl\/index.php?rest_route=\/wp\/v2\/types\/post"}],"author":[{"embeddable":true,"href":"https:\/\/www.zelazkow.pl\/index.php?rest_route=\/wp\/v2\/users\/9"}],"replies":[{"embeddable":true,"href":"https:\/\/www.zelazkow.pl\/index.php?rest_route=%2Fwp%2Fv2%2Fcomments&post=10720"}],"version-history":[{"count":4,"href":"https:\/\/www.zelazkow.pl\/index.php?rest_route=\/wp\/v2\/posts\/10720\/revisions"}],"predecessor-version":[{"id":10725,"href":"https:\/\/www.zelazkow.pl\/index.php?rest_route=\/wp\/v2\/posts\/10720\/revisions\/10725"}],"wp:featuredmedia":[{"embeddable":true,"href":"https:\/\/www.zelazkow.pl\/index.php?rest_route=\/wp\/v2\/media\/8867"}],"wp:attachment":[{"href":"https:\/\/www.zelazkow.pl\/index.php?rest_route=%2Fwp%2Fv2%2Fmedia&parent=10720"}],"wp:term":[{"taxonomy":"category","embeddable":true,"href":"https:\/\/www.zelazkow.pl\/index.php?rest_route=%2Fwp%2Fv2%2Fcategories&post=10720"},{"taxonomy":"post_tag","embeddable":true,"href":"https:\/\/www.zelazkow.pl\/index.php?rest_route=%2Fwp%2Fv2%2Ftags&post=10720"},{"taxonomy":"post_folder","embeddable":true,"href":"https:\/\/www.zelazkow.pl\/index.php?rest_route=%2Fwp%2Fv2%2Fpost_folder&post=10720"}],"curies":[{"name":"wp","href":"https:\/\/api.w.org\/{rel}","templated":true}]}}