{"id":10717,"date":"2025-11-17T09:59:30","date_gmt":"2025-11-17T09:59:30","guid":{"rendered":"https:\/\/www.zelazkow.pl\/?p=10717"},"modified":"2025-11-17T09:59:30","modified_gmt":"2025-11-17T09:59:30","slug":"wsparcie-psychologiczne-dla-osob-z-chorobami-neurologicznymi-z-wojewodztwa-wielkopolskiego","status":"publish","type":"post","link":"https:\/\/www.zelazkow.pl\/?p=10717","title":{"rendered":"Wsparcie psychologiczne dla os\u00f3b z chorobami neurologicznymi z wojew\u00f3dztwa wielkopolskiego"},"content":{"rendered":"<p><strong>Fundacja StwardnienieRozsiane.info zaprasza osoby z wojew\u00f3dztwa wielkopolskiego ze stwardnieniem rozsianym oraz innymi chorobami neurologicznymi do skorzystania z dy\u017cur\u00f3w psycholog\u00f3w.<\/p>\n<p>Rozmowy ze specjalistami s\u0105 bezp\u0142atne. <\/strong><\/p>\n<p>Projekt \u201eNEURO-Wielkopolska-2025\u201d, w ramach kt\u00f3rego prowadzone s\u0105 rozmowy, jest skierowany do os\u00f3b z r\u00f3\u017cnymi chorobami neurologicznymi, m.in. stwardnieniem rozsianym (SM), epilepsj\u0105, miasteni\u0105 czy migren\u0105.<\/p>\n<p>Aby skorzysta\u0107 w ramach projektu \u201eNEURO-Wielkopolska-2025\u201d ze wsparcia psychologa, trzeba posiada\u0107 orzeczenie o stopniu niepe\u0142nosprawno\u015bci. Rozmowy odbywaj\u0105 si\u0119 telefonicznie lub przez internet. Ka\u017cda rozmowa trwa 20 minut. Zainteresowani mog\u0105 zapisa\u0107 si\u0119 na wi\u0119cej ni\u017c 1 rozmow\u0119.<\/p>\n<p>Zapisy dost\u0119pne s\u0105 tu: <a href=\"https:\/\/koalendar.com\/u\/fundacja\">https:\/\/koalendar.com\/u\/fundacja<\/a>. Harmonogram dy\u017cur\u00f3w jest na tej stronie na bie\u017c\u0105co aktualizowany.<\/p>\n<p>Dzia\u0142anie \u201eNEURO-Wielkopolska-2025\u201d jest elementem szerszego projektu Fundacji StwardnienieRozsiane.Info, czyli otwartego w tym roku Centrum Edukacji Os\u00f3b ze Stwardnieniem Rozsianym, przy kt\u00f3rym rozwijane jest r\u00f3wnie\u017c Centrum Edukacji Os\u00f3b z Chorobami Neurologicznymi. To stacjonarna plac\u00f3wka w Gda\u0144sku, ale realizuj\u0105ca r\u00f3wnie\u017c dzia\u0142ania online dla os\u00f3b z ca\u0142ej Polski. Centrum Edukacji to kolejny etap w dzia\u0142alno\u015bci Fundacji, znanej m.in. z organizacji najwi\u0119kszej w Polsce konferencji dla pacjent\u00f3w\u00a0 \u201eSM \u2013 i co z tego?\u201d, kt\u00f3ra od kilku lat co roku w maju odbywa si\u0119 w Gda\u0144sku i gromadzi setki uczestnik\u00f3w z ca\u0142ego kraju.<\/p>\n<p>Projekt \u201eNEURO-Wielkopolska-2025: Poradnictwo psychologiczne dla os\u00f3b z chorobami neurologicznymi, w szczeg\u00f3lno\u015bci ze stwardnieniem rozsianym\u201d jest finansowany ze \u015brodk\u00f3w Pa\u0144stwowego Funduszu Rehabilitacji Os\u00f3b Niepe\u0142nosprawnych b\u0119d\u0105cych w dyspozycji Samorz\u0105du Wojew\u00f3dztwa Wielkopolskiego.<\/p>\n","protected":false},"excerpt":{"rendered":"<p>Fundacja StwardnienieRozsiane.info zaprasza osoby z wojew\u00f3dztwa wielkopolskiego ze stwardnieniem rozsianym oraz innymi chorobami neurologicznymi do skorzystania z dy\u017cur\u00f3w psycholog\u00f3w. Rozmowy ze specjalistami s\u0105 bezp\u0142atne. Projekt \u201eNEURO-Wielkopolska-2025\u201d, w ramach kt\u00f3rego prowadzone s\u0105 rozmowy, jest skierowany do os\u00f3b z r\u00f3\u017cnymi chorobami neurologicznymi, m.in. stwardnieniem rozsianym (SM), epilepsj\u0105, miasteni\u0105 czy migren\u0105. Aby skorzysta\u0107 w ramach projektu \u201eNEURO-Wielkopolska-2025\u201d ze [&hellip;]<\/p>\n","protected":false},"author":9,"featured_media":10718,"comment_status":"closed","ping_status":"closed","sticky":false,"template":"","format":"standard","meta":{"footnotes":""},"categories":[23,25],"tags":[],"post_folder":[],"_links":{"self":[{"href":"https:\/\/www.zelazkow.pl\/index.php?rest_route=\/wp\/v2\/posts\/10717"}],"collection":[{"href":"https:\/\/www.zelazkow.pl\/index.php?rest_route=\/wp\/v2\/posts"}],"about":[{"href":"https:\/\/www.zelazkow.pl\/index.php?rest_route=\/wp\/v2\/types\/post"}],"author":[{"embeddable":true,"href":"https:\/\/www.zelazkow.pl\/index.php?rest_route=\/wp\/v2\/users\/9"}],"replies":[{"embeddable":true,"href":"https:\/\/www.zelazkow.pl\/index.php?rest_route=%2Fwp%2Fv2%2Fcomments&post=10717"}],"version-history":[{"count":1,"href":"https:\/\/www.zelazkow.pl\/index.php?rest_route=\/wp\/v2\/posts\/10717\/revisions"}],"predecessor-version":[{"id":10719,"href":"https:\/\/www.zelazkow.pl\/index.php?rest_route=\/wp\/v2\/posts\/10717\/revisions\/10719"}],"wp:featuredmedia":[{"embeddable":true,"href":"https:\/\/www.zelazkow.pl\/index.php?rest_route=\/wp\/v2\/media\/10718"}],"wp:attachment":[{"href":"https:\/\/www.zelazkow.pl\/index.php?rest_route=%2Fwp%2Fv2%2Fmedia&parent=10717"}],"wp:term":[{"taxonomy":"category","embeddable":true,"href":"https:\/\/www.zelazkow.pl\/index.php?rest_route=%2Fwp%2Fv2%2Fcategories&post=10717"},{"taxonomy":"post_tag","embeddable":true,"href":"https:\/\/www.zelazkow.pl\/index.php?rest_route=%2Fwp%2Fv2%2Ftags&post=10717"},{"taxonomy":"post_folder","embeddable":true,"href":"https:\/\/www.zelazkow.pl\/index.php?rest_route=%2Fwp%2Fv2%2Fpost_folder&post=10717"}],"curies":[{"name":"wp","href":"https:\/\/api.w.org\/{rel}","templated":true}]}}