{"id":10705,"date":"2025-11-04T09:10:15","date_gmt":"2025-11-04T09:10:15","guid":{"rendered":"https:\/\/www.zelazkow.pl\/?p=10705"},"modified":"2025-11-04T09:10:28","modified_gmt":"2025-11-04T09:10:28","slug":"bezplatny-wyjazdowy-turnus-profilaktyczny","status":"publish","type":"post","link":"https:\/\/www.zelazkow.pl\/?p=10705","title":{"rendered":"Bezp\u0142atny wyjazdowy turnus profilaktyczny"},"content":{"rendered":"\t\t<div data-elementor-type=\"wp-post\" data-elementor-id=\"10705\" class=\"elementor elementor-10705\">\n\t\t\t\t\t\t\t\t\t<section class=\"elementor-section elementor-top-section elementor-element elementor-element-5b0b3351 elementor-section-boxed elementor-section-height-default elementor-section-height-default\" data-id=\"5b0b3351\" data-element_type=\"section\" data-settings=\"{&quot;jet_parallax_layout_list&quot;:[]}\">\n\t\t\t\t\t\t<div class=\"elementor-container elementor-column-gap-default\">\n\t\t\t\t\t<div class=\"elementor-column elementor-col-100 elementor-top-column elementor-element elementor-element-2d2e14af\" data-id=\"2d2e14af\" data-element_type=\"column\">\n\t\t\t<div class=\"elementor-widget-wrap elementor-element-populated\">\n\t\t\t\t\t\t\t\t<div class=\"elementor-element elementor-element-39a02df7 elementor-widget elementor-widget-text-editor\" data-id=\"39a02df7\" data-element_type=\"widget\" data-widget_type=\"text-editor.default\">\n\t\t\t\t<div class=\"elementor-widget-container\">\n\t\t\t<style>\/*! elementor - v3.18.0 - 20-12-2023 *\/\n.elementor-widget-text-editor.elementor-drop-cap-view-stacked .elementor-drop-cap{background-color:#69727d;color:#fff}.elementor-widget-text-editor.elementor-drop-cap-view-framed .elementor-drop-cap{color:#69727d;border:3px solid;background-color:transparent}.elementor-widget-text-editor:not(.elementor-drop-cap-view-default) .elementor-drop-cap{margin-top:8px}.elementor-widget-text-editor:not(.elementor-drop-cap-view-default) .elementor-drop-cap-letter{width:1em;height:1em}.elementor-widget-text-editor .elementor-drop-cap{float:left;text-align:center;line-height:1;font-size:50px}.elementor-widget-text-editor .elementor-drop-cap-letter{display:inline-block}<\/style>\t\t\t\t<p><span data-surface-wrapper=\"1\" data-surface=\"\/bizweb:content_calendar\"><span class=\"x193iq5w xeuugli x13faqbe x1vvkbs x1xmvt09 x1lliihq x1s928wv xhkezso x1gmr53x x1cpjm7i x1fgarty x1943h6x xudqn12 x3x7a5m x6prxxf xvq8zen xo1l8bm xzsf02u x1yc453h\" dir=\"auto\">Stowarzyszenie Aglomeracja Kalisko-Ostrowska (SAKO) zaprasza do udzia\u0142u w bezp\u0142atnym wyjazdowym turnusie profilaktycznym.<br \/><strong><br \/>Turnus odb\u0119dzie si\u0119 w dniach 21-25 listopada 2025\u00a0r. (pi\u0105tek-wtorek) w Polanicy Zdr\u00f3j.<br \/><\/strong><br \/><\/span><\/span><\/p><p>Uczestnikami mog\u0105 by\u0107 osoby w wieku <strong>50+, kt\u00f3re mieszkaj\u0105, pracuj\u0105 lub ucz\u0105 si\u0119 na terenie Aglomeracji Kalisko-Ostrowskiej. <\/strong><\/p><p><br \/>Aby wzi\u0105\u0107 udzia\u0142 w rekrutacji na turnus nale\u017cy do dnia <strong>11 listopada 2025\u00a0r.<\/strong> dostarczy\u0107 prawid\u0142owo wype\u0142nione dokumenty rekrutacyjne.<\/p><p><br \/>Szczeg\u00f3\u0142y i dokumenty rekrutacyjne: https:\/\/sako-info.pl\/stowarzyszenie-aglomeracja-kalisko-ostrowska-sako-zaprasza-do-udzialu-w-bezplatnym-wyjazdowym-turnusie-profilaktycznym\/<\/p>\t\t\t\t\t\t<\/div>\n\t\t\t\t<\/div>\n\t\t\t\t\t<\/div>\n\t\t<\/div>\n\t\t\t\t\t\t\t<\/div>\n\t\t<\/section>\n\t\t\t\t<section class=\"elementor-section elementor-top-section elementor-element elementor-element-32b1bb3 elementor-section-boxed elementor-section-height-default elementor-section-height-default\" data-id=\"32b1bb3\" data-element_type=\"section\" data-settings=\"{&quot;jet_parallax_layout_list&quot;:[]}\">\n\t\t\t\t\t\t<div class=\"elementor-container elementor-column-gap-default\">\n\t\t\t\t\t<div class=\"elementor-column elementor-col-100 elementor-top-column elementor-element elementor-element-b213014\" data-id=\"b213014\" data-element_type=\"column\">\n\t\t\t<div class=\"elementor-widget-wrap elementor-element-populated\">\n\t\t\t\t\t\t\t\t<div class=\"elementor-element elementor-element-4cb22a0 elementor-widget elementor-widget-image\" data-id=\"4cb22a0\" data-element_type=\"widget\" data-widget_type=\"image.default\">\n\t\t\t\t<div class=\"elementor-widget-container\">\n\t\t\t<style>\/*! elementor - v3.18.0 - 20-12-2023 *\/\n.elementor-widget-image{text-align:center}.elementor-widget-image a{display:inline-block}.elementor-widget-image a img[src$=\".svg\"]{width:48px}.elementor-widget-image img{vertical-align:middle;display:inline-block}<\/style>\t\t\t\t\t\t\t\t\t\t\t\t<img fetchpriority=\"high\" decoding=\"async\" width=\"724\" height=\"1024\" src=\"https:\/\/www.zelazkow.pl\/wp-content\/uploads\/2025\/11\/575200820_1262964612526577_5905096779330312140_n-724x1024.jpg\" class=\"attachment-large size-large wp-image-10707\" alt=\"\" srcset=\"https:\/\/www.zelazkow.pl\/wp-content\/uploads\/2025\/11\/575200820_1262964612526577_5905096779330312140_n-724x1024.jpg 724w, https:\/\/www.zelazkow.pl\/wp-content\/uploads\/2025\/11\/575200820_1262964612526577_5905096779330312140_n-212x300.jpg 212w, https:\/\/www.zelazkow.pl\/wp-content\/uploads\/2025\/11\/575200820_1262964612526577_5905096779330312140_n-768x1086.jpg 768w, https:\/\/www.zelazkow.pl\/wp-content\/uploads\/2025\/11\/575200820_1262964612526577_5905096779330312140_n-1086x1536.jpg 1086w, https:\/\/www.zelazkow.pl\/wp-content\/uploads\/2025\/11\/575200820_1262964612526577_5905096779330312140_n.jpg 1414w\" sizes=\"(max-width: 724px) 100vw, 724px\" \/>\t\t\t\t\t\t\t\t\t\t\t\t\t\t\t<\/div>\n\t\t\t\t<\/div>\n\t\t\t\t\t<\/div>\n\t\t<\/div>\n\t\t\t\t\t\t\t<\/div>\n\t\t<\/section>\n\t\t\t\t\t\t\t<\/div>\n\t\t","protected":false},"excerpt":{"rendered":"<p>Stowarzyszenie Aglomeracja Kalisko-Ostrowska (SAKO) zaprasza do udzia\u0142u w bezp\u0142atnym wyjazdowym turnusie profilaktycznym.Turnus odb\u0119dzie si\u0119 w dniach 21-25 listopada 2025\u00a0r. (pi\u0105tek-wtorek) w Polanicy Zdr\u00f3j. Uczestnikami mog\u0105 by\u0107 osoby w wieku 50+, kt\u00f3re mieszkaj\u0105, pracuj\u0105 lub ucz\u0105 si\u0119 na terenie Aglomeracji Kalisko-Ostrowskiej. Aby wzi\u0105\u0107 udzia\u0142 w rekrutacji na turnus nale\u017cy do dnia 11 listopada 2025\u00a0r. dostarczy\u0107 prawid\u0142owo [&hellip;]<\/p>\n","protected":false},"author":9,"featured_media":10653,"comment_status":"closed","ping_status":"closed","sticky":false,"template":"","format":"standard","meta":{"footnotes":""},"categories":[23,25],"tags":[],"post_folder":[],"_links":{"self":[{"href":"https:\/\/www.zelazkow.pl\/index.php?rest_route=\/wp\/v2\/posts\/10705"}],"collection":[{"href":"https:\/\/www.zelazkow.pl\/index.php?rest_route=\/wp\/v2\/posts"}],"about":[{"href":"https:\/\/www.zelazkow.pl\/index.php?rest_route=\/wp\/v2\/types\/post"}],"author":[{"embeddable":true,"href":"https:\/\/www.zelazkow.pl\/index.php?rest_route=\/wp\/v2\/users\/9"}],"replies":[{"embeddable":true,"href":"https:\/\/www.zelazkow.pl\/index.php?rest_route=%2Fwp%2Fv2%2Fcomments&post=10705"}],"version-history":[{"count":4,"href":"https:\/\/www.zelazkow.pl\/index.php?rest_route=\/wp\/v2\/posts\/10705\/revisions"}],"predecessor-version":[{"id":10710,"href":"https:\/\/www.zelazkow.pl\/index.php?rest_route=\/wp\/v2\/posts\/10705\/revisions\/10710"}],"wp:featuredmedia":[{"embeddable":true,"href":"https:\/\/www.zelazkow.pl\/index.php?rest_route=\/wp\/v2\/media\/10653"}],"wp:attachment":[{"href":"https:\/\/www.zelazkow.pl\/index.php?rest_route=%2Fwp%2Fv2%2Fmedia&parent=10705"}],"wp:term":[{"taxonomy":"category","embeddable":true,"href":"https:\/\/www.zelazkow.pl\/index.php?rest_route=%2Fwp%2Fv2%2Fcategories&post=10705"},{"taxonomy":"post_tag","embeddable":true,"href":"https:\/\/www.zelazkow.pl\/index.php?rest_route=%2Fwp%2Fv2%2Ftags&post=10705"},{"taxonomy":"post_folder","embeddable":true,"href":"https:\/\/www.zelazkow.pl\/index.php?rest_route=%2Fwp%2Fv2%2Fpost_folder&post=10705"}],"curies":[{"name":"wp","href":"https:\/\/api.w.org\/{rel}","templated":true}]}}