{"id":10652,"date":"2025-10-10T09:18:22","date_gmt":"2025-10-10T09:18:22","guid":{"rendered":"https:\/\/www.zelazkow.pl\/?p=10652"},"modified":"2025-10-10T09:18:38","modified_gmt":"2025-10-10T09:18:38","slug":"rekrutacja-na-bezplatny-wyjazd-integracyjny-do-warszawy","status":"publish","type":"post","link":"https:\/\/www.zelazkow.pl\/?p=10652","title":{"rendered":"Rekrutacja na bezp\u0142atny wyjazd integracyjny do Warszawy"},"content":{"rendered":"\t\t<div data-elementor-type=\"wp-post\" data-elementor-id=\"10652\" class=\"elementor elementor-10652\">\n\t\t\t\t\t\t\t\t\t<section class=\"elementor-section elementor-top-section elementor-element elementor-element-5c434a41 elementor-section-boxed elementor-section-height-default elementor-section-height-default\" data-id=\"5c434a41\" data-element_type=\"section\" data-settings=\"{&quot;jet_parallax_layout_list&quot;:[]}\">\n\t\t\t\t\t\t<div class=\"elementor-container elementor-column-gap-default\">\n\t\t\t\t\t<div class=\"elementor-column elementor-col-100 elementor-top-column elementor-element elementor-element-cbd86e0\" data-id=\"cbd86e0\" data-element_type=\"column\">\n\t\t\t<div class=\"elementor-widget-wrap elementor-element-populated\">\n\t\t\t\t\t\t\t\t<div class=\"elementor-element elementor-element-cd02a74 elementor-widget elementor-widget-text-editor\" data-id=\"cd02a74\" data-element_type=\"widget\" data-widget_type=\"text-editor.default\">\n\t\t\t\t<div class=\"elementor-widget-container\">\n\t\t\t<style>\/*! elementor - v3.18.0 - 20-12-2023 *\/\n.elementor-widget-text-editor.elementor-drop-cap-view-stacked .elementor-drop-cap{background-color:#69727d;color:#fff}.elementor-widget-text-editor.elementor-drop-cap-view-framed .elementor-drop-cap{color:#69727d;border:3px solid;background-color:transparent}.elementor-widget-text-editor:not(.elementor-drop-cap-view-default) .elementor-drop-cap{margin-top:8px}.elementor-widget-text-editor:not(.elementor-drop-cap-view-default) .elementor-drop-cap-letter{width:1em;height:1em}.elementor-widget-text-editor .elementor-drop-cap{float:left;text-align:center;line-height:1;font-size:50px}.elementor-widget-text-editor .elementor-drop-cap-letter{display:inline-block}<\/style>\t\t\t\t<p>Stowarzyszenie Aglomeracja Kalisko &#8211; Ostrowska zaprasza do udzia\u0142u w wyje\u017adzie integracyjnym do Warszawy!<br \/><strong><br \/>Termin: 30 pa\u017adziernika 2025 r.<br \/><\/strong><br \/>W programie m.in.:<br \/><span class=\"html-span xexx8yu xyri2b x18d9i69 x1c1uobl x1hl2dhg x16tdsg8 x1vvkbs x3nfvp2 x1j61x8r x1fcty0u xdj266r xat24cr xm2jcoa x1mpyi22 xxymvpz xlup9mm x1kky2od\">&#8211; wizyta w Sejmie RP z udzia\u0142em<br \/>&#8211;<\/span> zwiedzanie Warszawy,<br \/>&#8211; udzia\u0142 w spektaklu \u201eKwartet\u201d w Teatrze Ateneum.<\/p><div class=\"x14z9mp xat24cr x1lziwak x1vvkbs xtlvy1s x126k92a\"><div dir=\"auto\">Koszty przejazdu i bilet\u00f3w pokrywa Organizator. Posi\u0142ki uczestnicy zapewniaj\u0105 we w\u0142asnym zakresie.<\/div><\/div><div class=\"x14z9mp xat24cr x1lziwak x1vvkbs xtlvy1s x126k92a\"><div dir=\"auto\">Kto mo\u017ce wzi\u0105\u0107 udzia\u0142?<\/div><div dir=\"auto\">Osoby, kt\u00f3re mieszkaj\u0105, pracuj\u0105 lub ucz\u0105 si\u0119 na terenie Aglomeracji Kalisko-Ostrowskiej.<\/div><\/div><div class=\"x14z9mp xat24cr x1lziwak x1vvkbs xtlvy1s x126k92a\"><div dir=\"auto\">Priorytetowo traktowane b\u0119d\u0105 osoby:<\/div><div dir=\"auto\"><span class=\"html-span xexx8yu xyri2b x18d9i69 x1c1uobl x1hl2dhg x16tdsg8 x1vvkbs x3nfvp2 x1j61x8r x1fcty0u xdj266r xat24cr xm2jcoa x1mpyi22 xxymvpz xlup9mm x1kky2od\">&#8211;<\/span>\u00a0w wieku 50+,<\/div><div dir=\"auto\"><span class=\"html-span xexx8yu xyri2b x18d9i69 x1c1uobl x1hl2dhg x16tdsg8 x1vvkbs x3nfvp2 x1j61x8r x1fcty0u xdj266r xat24cr xm2jcoa x1mpyi22 xxymvpz xlup9mm x1kky2od\">&#8211;<\/span>\u00a0w wieku 65+,<\/div><div dir=\"auto\">&#8211; z niepe\u0142nosprawno\u015bci\u0105,<\/div><div dir=\"auto\">&#8211; mieszkaj\u0105ce na obszarach wiejskich.<\/div><\/div><div class=\"x14z9mp xat24cr x1lziwak x1vvkbs xtlvy1s x126k92a\"><div dir=\"auto\">W przypadku du\u017cej liczby zg\u0142osze\u0144 od os\u00f3b spe\u0142niaj\u0105cych takie same kryteria, o zakwalifikowaniu zadecyduje kolejno\u015b\u0107 wp\u0142ywu zg\u0142osze\u0144.<\/div><\/div><div class=\"x14z9mp xat24cr x1lziwak x1vvkbs xtlvy1s x126k92a\"><div dir=\"auto\">Zg\u0142oszenia przyjmujemy do 16 pa\u017adziernika 2025 r. (do godz. 15:00).<\/div><div dir=\"auto\">Liczba miejsc jest ograniczona!<\/div><\/div><div class=\"x14z9mp xat24cr x1lziwak x1vvkbs xtlvy1s x126k92a\"><div dir=\"auto\">W razie pyta\u0144:\u00a0integracja@sako-info.pl<\/div><div dir=\"auto\">+48 786 063 703<\/div><\/div><div class=\"x14z9mp xat24cr x1lziwak x1vvkbs xtlvy1s x126k92a\"><div dir=\"auto\">Link do szczeg\u00f3\u0142owych informacji oraz dokument\u00f3w rekrutacyjnych: <span class=\"html-span xdj266r x14z9mp xat24cr x1lziwak xexx8yu xyri2b x18d9i69 x1c1uobl x1hl2dhg x16tdsg8 x1vvkbs\"><a class=\"x1i10hfl xjbqb8w x1ejq31n x18oe1m7 x1sy0etr xstzfhl x972fbf x10w94by x1qhh985 x14e42zd x9f619 x1ypdohk xt0psk2 x3ct3a4 xdj266r x14z9mp xat24cr x1lziwak xexx8yu xyri2b x18d9i69 x1c1uobl x16tdsg8 x1hl2dhg xggy1nq x1a2a7pz xkrqix3 x1sur9pj x1fey0fg x1s688f\" tabindex=\"0\" role=\"link\" href=\"https:\/\/l.facebook.com\/l.php?u=https%3A%2F%2Fsako-info.pl%2Fzapraszamy-do-uczestnictwa-w-wyjezdzie-integracyjnym-do-warszawy%2F%3Ffbclid%3DIwZXh0bgNhZW0CMTAAYnJpZBEwM1U5WU42NUN3VzdEN3h1UwEeMB6nst9cEeei7Xk-5deEzpVQ5wy-T99bobVjklan8X6K4gi8dbvt8SkIgSE_aem_MjGfjJSWak4KnfchUbj3lg&amp;h=AT1eGQrlowglb3g2rnmlpYTqRKNf0PJbLBLv2YKqeJdwWDx81iYf_YbQDi1_IXyL_2kD5pgVEBgSoyQIKCtIuvMLNmiFRVGlnGWHRuNN_-uS640SYkCTd4HnsSbS4PiAchF8hzTPoz0bDwvz&amp;__tn__=-UK-R&amp;c[0]=AT2V7_ax8BA8UD6RyfLifi99i6b0_az8CnulwFNDwBv_xfZ5QRjU-9TLUs6f6j255QVx7Ck3abr7YC6GfpyjuNM4GFN2OCyYfg6fRH7arUdbZX9hQ-GVjXqqic9c_EORMcKTUG1r5OEdoZ0p4s5d4DfTsBtHjQSAS3-ejYVbEoqJ69sI-Hb15fb1SkIcz1MRkTJnutRVNtyhOJy26m-z6al5wQ\" target=\"_blank\" rel=\"nofollow noopener noreferrer\">https:\/\/sako-info.pl\/zapraszamy-do-uczestnictwa-w&#8230;\/<\/a><\/span><\/div><\/div><div class=\"x14z9mp xat24cr x1lziwak x1vvkbs xtlvy1s x126k92a\"><div dir=\"auto\">Projekt \u201eIntegrujeMY, AktywizujeMY mieszka\u0144c\u00f3w Aglomeracji Kalisko-Ostrowskiej\u201d jest wsp\u00f3\u0142finansowany ze \u015brodk\u00f3w Europejskiego Funduszu Spo\u0142ecznego Plus (EFS+) w ramach programu Fundusze Europejskie dla Wielkopolski 2021\u20132027 oraz z bud\u017cetu Stowarzyszenia Aglomeracja Kalisko-Ostrowska (SAKO).<\/div><\/div>\t\t\t\t\t\t<\/div>\n\t\t\t\t<\/div>\n\t\t\t\t\t<\/div>\n\t\t<\/div>\n\t\t\t\t\t\t\t<\/div>\n\t\t<\/section>\n\t\t\t\t<section class=\"elementor-section elementor-top-section elementor-element elementor-element-f0a8d2c elementor-section-boxed elementor-section-height-default elementor-section-height-default\" data-id=\"f0a8d2c\" data-element_type=\"section\" data-settings=\"{&quot;jet_parallax_layout_list&quot;:[]}\">\n\t\t\t\t\t\t<div class=\"elementor-container elementor-column-gap-default\">\n\t\t\t\t\t<div class=\"elementor-column elementor-col-100 elementor-top-column elementor-element elementor-element-c9a7136\" data-id=\"c9a7136\" data-element_type=\"column\">\n\t\t\t<div class=\"elementor-widget-wrap elementor-element-populated\">\n\t\t\t\t\t\t\t\t<div class=\"elementor-element elementor-element-601eec7 elementor-widget elementor-widget-image\" data-id=\"601eec7\" data-element_type=\"widget\" data-widget_type=\"image.default\">\n\t\t\t\t<div class=\"elementor-widget-container\">\n\t\t\t<style>\/*! elementor - v3.18.0 - 20-12-2023 *\/\n.elementor-widget-image{text-align:center}.elementor-widget-image a{display:inline-block}.elementor-widget-image a img[src$=\".svg\"]{width:48px}.elementor-widget-image img{vertical-align:middle;display:inline-block}<\/style>\t\t\t\t\t\t\t\t\t\t\t\t<img fetchpriority=\"high\" decoding=\"async\" width=\"724\" height=\"1024\" src=\"https:\/\/www.zelazkow.pl\/wp-content\/uploads\/2025\/10\/559134070_1240752474747791_1973358198283906686_n-724x1024.jpg\" class=\"attachment-large size-large wp-image-10655\" alt=\"\" srcset=\"https:\/\/www.zelazkow.pl\/wp-content\/uploads\/2025\/10\/559134070_1240752474747791_1973358198283906686_n-724x1024.jpg 724w, https:\/\/www.zelazkow.pl\/wp-content\/uploads\/2025\/10\/559134070_1240752474747791_1973358198283906686_n-212x300.jpg 212w, https:\/\/www.zelazkow.pl\/wp-content\/uploads\/2025\/10\/559134070_1240752474747791_1973358198283906686_n-768x1086.jpg 768w, https:\/\/www.zelazkow.pl\/wp-content\/uploads\/2025\/10\/559134070_1240752474747791_1973358198283906686_n-1086x1536.jpg 1086w, https:\/\/www.zelazkow.pl\/wp-content\/uploads\/2025\/10\/559134070_1240752474747791_1973358198283906686_n.jpg 1414w\" sizes=\"(max-width: 724px) 100vw, 724px\" \/>\t\t\t\t\t\t\t\t\t\t\t\t\t\t\t<\/div>\n\t\t\t\t<\/div>\n\t\t\t\t\t<\/div>\n\t\t<\/div>\n\t\t\t\t\t\t\t<\/div>\n\t\t<\/section>\n\t\t\t\t\t\t\t<\/div>\n\t\t","protected":false},"excerpt":{"rendered":"<p>Stowarzyszenie Aglomeracja Kalisko &#8211; Ostrowska zaprasza do udzia\u0142u w wyje\u017adzie integracyjnym do Warszawy!Termin: 30 pa\u017adziernika 2025 r.W programie m.in.:&#8211; wizyta w Sejmie RP z udzia\u0142em&#8211; zwiedzanie Warszawy,&#8211; udzia\u0142 w spektaklu \u201eKwartet\u201d w Teatrze Ateneum. Koszty przejazdu i bilet\u00f3w pokrywa Organizator. Posi\u0142ki uczestnicy zapewniaj\u0105 we w\u0142asnym zakresie.Kto mo\u017ce wzi\u0105\u0107 udzia\u0142?Osoby, kt\u00f3re mieszkaj\u0105, pracuj\u0105 lub ucz\u0105 si\u0119 [&hellip;]<\/p>\n","protected":false},"author":9,"featured_media":10653,"comment_status":"closed","ping_status":"closed","sticky":false,"template":"","format":"standard","meta":{"footnotes":""},"categories":[23,25],"tags":[],"post_folder":[],"_links":{"self":[{"href":"https:\/\/www.zelazkow.pl\/index.php?rest_route=\/wp\/v2\/posts\/10652"}],"collection":[{"href":"https:\/\/www.zelazkow.pl\/index.php?rest_route=\/wp\/v2\/posts"}],"about":[{"href":"https:\/\/www.zelazkow.pl\/index.php?rest_route=\/wp\/v2\/types\/post"}],"author":[{"embeddable":true,"href":"https:\/\/www.zelazkow.pl\/index.php?rest_route=\/wp\/v2\/users\/9"}],"replies":[{"embeddable":true,"href":"https:\/\/www.zelazkow.pl\/index.php?rest_route=%2Fwp%2Fv2%2Fcomments&post=10652"}],"version-history":[{"count":4,"href":"https:\/\/www.zelazkow.pl\/index.php?rest_route=\/wp\/v2\/posts\/10652\/revisions"}],"predecessor-version":[{"id":10658,"href":"https:\/\/www.zelazkow.pl\/index.php?rest_route=\/wp\/v2\/posts\/10652\/revisions\/10658"}],"wp:featuredmedia":[{"embeddable":true,"href":"https:\/\/www.zelazkow.pl\/index.php?rest_route=\/wp\/v2\/media\/10653"}],"wp:attachment":[{"href":"https:\/\/www.zelazkow.pl\/index.php?rest_route=%2Fwp%2Fv2%2Fmedia&parent=10652"}],"wp:term":[{"taxonomy":"category","embeddable":true,"href":"https:\/\/www.zelazkow.pl\/index.php?rest_route=%2Fwp%2Fv2%2Fcategories&post=10652"},{"taxonomy":"post_tag","embeddable":true,"href":"https:\/\/www.zelazkow.pl\/index.php?rest_route=%2Fwp%2Fv2%2Ftags&post=10652"},{"taxonomy":"post_folder","embeddable":true,"href":"https:\/\/www.zelazkow.pl\/index.php?rest_route=%2Fwp%2Fv2%2Fpost_folder&post=10652"}],"curies":[{"name":"wp","href":"https:\/\/api.w.org\/{rel}","templated":true}]}}