{"id":10636,"date":"2025-09-29T06:01:47","date_gmt":"2025-09-29T06:01:47","guid":{"rendered":"https:\/\/www.zelazkow.pl\/?p=10636"},"modified":"2025-09-30T06:14:16","modified_gmt":"2025-09-30T06:14:16","slug":"informacja-wojta-gminy-zelazkow-o-rozpoczeciu-konsultacji-projektu-programu-wspolpracy-z-organizacjami-pozarzadowymi-i-podmiotami-prowadzacymi-dzialalnosc-pozytku-publicznego-na-rok-2026","status":"publish","type":"post","link":"https:\/\/www.zelazkow.pl\/?p=10636","title":{"rendered":"Konsultacje projektu programu wsp\u00f3\u0142pracy z organizacjami pozarz\u0105dowymi i podmiotami prowadz\u0105cymi dzia\u0142alno\u015b\u0107 po\u017cytku publicznego na rok 2026"},"content":{"rendered":"<div style=\"text-align: center;\"><strong>INFORMACJA<br \/>\nW\u00d3JTA GMINY \u017bELAZK\u00d3W<br \/>\nO ROZPOCZ\u0118CIU KONSULTACJI<\/strong><\/div>\n<div style=\"text-align: center;\"><strong>PROJEKTU PROGRAMU WSP\u00d3\u0141PRACY Z ORGANIZACJAMI POZARZ\u0104DOWYMI<br \/>\nI PODMIOTAMI PROWADZ\u0104CYMI DZIA\u0141ALNO\u015a\u0106 PO\u017bYTKU<br \/>\nPUBLICZNEGO NA ROK 2026<\/strong><\/div>\n<div><\/div>\n<div>Tre\u015b\u0107 informacji &#8211; \/<a href=\"https:\/\/www.zelazkow.pl\/wp-content\/uploads\/2025\/09\/projekt-Program-wspolpracy-na-2026-1.pdf\">otw\u00f3rz<\/a>\/<\/div>\n","protected":false},"excerpt":{"rendered":"<p>INFORMACJA W\u00d3JTA GMINY \u017bELAZK\u00d3W O ROZPOCZ\u0118CIU KONSULTACJI PROJEKTU PROGRAMU WSP\u00d3\u0141PRACY Z ORGANIZACJAMI POZARZ\u0104DOWYMI I PODMIOTAMI PROWADZ\u0104CYMI DZIA\u0141ALNO\u015a\u0106 PO\u017bYTKU PUBLICZNEGO NA ROK 2026 Tre\u015b\u0107 informacji &#8211; \/otw\u00f3rz\/<\/p>\n","protected":false},"author":9,"featured_media":10640,"comment_status":"closed","ping_status":"closed","sticky":false,"template":"","format":"standard","meta":{"footnotes":""},"categories":[23,25],"tags":[],"post_folder":[],"_links":{"self":[{"href":"https:\/\/www.zelazkow.pl\/index.php?rest_route=\/wp\/v2\/posts\/10636"}],"collection":[{"href":"https:\/\/www.zelazkow.pl\/index.php?rest_route=\/wp\/v2\/posts"}],"about":[{"href":"https:\/\/www.zelazkow.pl\/index.php?rest_route=\/wp\/v2\/types\/post"}],"author":[{"embeddable":true,"href":"https:\/\/www.zelazkow.pl\/index.php?rest_route=\/wp\/v2\/users\/9"}],"replies":[{"embeddable":true,"href":"https:\/\/www.zelazkow.pl\/index.php?rest_route=%2Fwp%2Fv2%2Fcomments&post=10636"}],"version-history":[{"count":3,"href":"https:\/\/www.zelazkow.pl\/index.php?rest_route=\/wp\/v2\/posts\/10636\/revisions"}],"predecessor-version":[{"id":10643,"href":"https:\/\/www.zelazkow.pl\/index.php?rest_route=\/wp\/v2\/posts\/10636\/revisions\/10643"}],"wp:featuredmedia":[{"embeddable":true,"href":"https:\/\/www.zelazkow.pl\/index.php?rest_route=\/wp\/v2\/media\/10640"}],"wp:attachment":[{"href":"https:\/\/www.zelazkow.pl\/index.php?rest_route=%2Fwp%2Fv2%2Fmedia&parent=10636"}],"wp:term":[{"taxonomy":"category","embeddable":true,"href":"https:\/\/www.zelazkow.pl\/index.php?rest_route=%2Fwp%2Fv2%2Fcategories&post=10636"},{"taxonomy":"post_tag","embeddable":true,"href":"https:\/\/www.zelazkow.pl\/index.php?rest_route=%2Fwp%2Fv2%2Ftags&post=10636"},{"taxonomy":"post_folder","embeddable":true,"href":"https:\/\/www.zelazkow.pl\/index.php?rest_route=%2Fwp%2Fv2%2Fpost_folder&post=10636"}],"curies":[{"name":"wp","href":"https:\/\/api.w.org\/{rel}","templated":true}]}}