{"id":10624,"date":"2025-09-26T08:17:42","date_gmt":"2025-09-26T08:17:42","guid":{"rendered":"https:\/\/www.zelazkow.pl\/?p=10624"},"modified":"2025-09-26T08:23:57","modified_gmt":"2025-09-26T08:23:57","slug":"komunikat-do-wlascicieli-i-zarzadcow-budynkow-w-zwiazku-z-rozpoczeciem-sezonu-ogrzewczego-2025-2026","status":"publish","type":"post","link":"https:\/\/www.zelazkow.pl\/?p=10624","title":{"rendered":"Komunikat do w\u0142a\u015bcicieli i zarz\u0105dc\u00f3w budynk\u00f3w w zwi\u0105zku z rozpocz\u0119ciem sezonu ogrzewczego 2025\/2026"},"content":{"rendered":"\t\t<div data-elementor-type=\"wp-post\" data-elementor-id=\"10624\" class=\"elementor elementor-10624\">\n\t\t\t\t\t\t\t\t\t<section class=\"elementor-section elementor-top-section elementor-element elementor-element-59c8592e elementor-section-boxed elementor-section-height-default elementor-section-height-default\" data-id=\"59c8592e\" data-element_type=\"section\" data-settings=\"{&quot;jet_parallax_layout_list&quot;:[]}\">\n\t\t\t\t\t\t<div class=\"elementor-container elementor-column-gap-default\">\n\t\t\t\t\t<div class=\"elementor-column elementor-col-100 elementor-top-column elementor-element elementor-element-25ba8ce4\" data-id=\"25ba8ce4\" data-element_type=\"column\">\n\t\t\t<div class=\"elementor-widget-wrap elementor-element-populated\">\n\t\t\t\t\t\t\t\t<div class=\"elementor-element elementor-element-174e94eb elementor-widget elementor-widget-text-editor\" data-id=\"174e94eb\" data-element_type=\"widget\" data-widget_type=\"text-editor.default\">\n\t\t\t\t<div class=\"elementor-widget-container\">\n\t\t\t<style>\/*! elementor - v3.18.0 - 20-12-2023 *\/\n.elementor-widget-text-editor.elementor-drop-cap-view-stacked .elementor-drop-cap{background-color:#69727d;color:#fff}.elementor-widget-text-editor.elementor-drop-cap-view-framed .elementor-drop-cap{color:#69727d;border:3px solid;background-color:transparent}.elementor-widget-text-editor:not(.elementor-drop-cap-view-default) .elementor-drop-cap{margin-top:8px}.elementor-widget-text-editor:not(.elementor-drop-cap-view-default) .elementor-drop-cap-letter{width:1em;height:1em}.elementor-widget-text-editor .elementor-drop-cap{float:left;text-align:center;line-height:1;font-size:50px}.elementor-widget-text-editor .elementor-drop-cap-letter{display:inline-block}<\/style>\t\t\t\tPoni\u017cej do pobrania Komunikat do w\u0142a\u015bcicieli i zarz\u0105dc\u00f3w budynk\u00f3w w zwi\u0105zku z rozpocz\u0119ciem sezonu grzewczego 2025\/2026\n\nKomunikat &#8211; \/<a href=\"https:\/\/www.zelazkow.pl\/wp-content\/uploads\/2025\/09\/komunikat-prezesa-krajowej-izby-kominiarzy-2025.pdf\">pobierz<\/a>\/\t\t\t\t\t\t<\/div>\n\t\t\t\t<\/div>\n\t\t\t\t\t<\/div>\n\t\t<\/div>\n\t\t\t\t\t\t\t<\/div>\n\t\t<\/section>\n\t\t\t\t<section class=\"elementor-section elementor-top-section elementor-element elementor-element-7b4793f elementor-section-boxed elementor-section-height-default elementor-section-height-default\" data-id=\"7b4793f\" data-element_type=\"section\" data-settings=\"{&quot;jet_parallax_layout_list&quot;:[]}\">\n\t\t\t\t\t\t<div class=\"elementor-container elementor-column-gap-default\">\n\t\t\t\t\t<div class=\"elementor-column elementor-col-100 elementor-top-column elementor-element elementor-element-968bca6\" data-id=\"968bca6\" data-element_type=\"column\">\n\t\t\t<div class=\"elementor-widget-wrap elementor-element-populated\">\n\t\t\t\t\t\t\t\t<div class=\"elementor-element elementor-element-41c674f elementor-widget elementor-widget-image\" data-id=\"41c674f\" data-element_type=\"widget\" data-widget_type=\"image.default\">\n\t\t\t\t<div class=\"elementor-widget-container\">\n\t\t\t<style>\/*! elementor - v3.18.0 - 20-12-2023 *\/\n.elementor-widget-image{text-align:center}.elementor-widget-image a{display:inline-block}.elementor-widget-image a img[src$=\".svg\"]{width:48px}.elementor-widget-image img{vertical-align:middle;display:inline-block}<\/style>\t\t\t\t\t\t\t\t\t\t\t\t<img fetchpriority=\"high\" decoding=\"async\" width=\"1024\" height=\"724\" src=\"https:\/\/www.zelazkow.pl\/wp-content\/uploads\/2025\/09\/przypuszczalna-przyczyna-pozarow-w-zakresie-urzadzen-grzewczych-na-paliwa-stale-ciekle-i-gazowe-2010-2024-1024x724.jpg\" class=\"attachment-large size-large wp-image-10628\" alt=\"\" srcset=\"https:\/\/www.zelazkow.pl\/wp-content\/uploads\/2025\/09\/przypuszczalna-przyczyna-pozarow-w-zakresie-urzadzen-grzewczych-na-paliwa-stale-ciekle-i-gazowe-2010-2024-1024x724.jpg 1024w, https:\/\/www.zelazkow.pl\/wp-content\/uploads\/2025\/09\/przypuszczalna-przyczyna-pozarow-w-zakresie-urzadzen-grzewczych-na-paliwa-stale-ciekle-i-gazowe-2010-2024-300x212.jpg 300w, https:\/\/www.zelazkow.pl\/wp-content\/uploads\/2025\/09\/przypuszczalna-przyczyna-pozarow-w-zakresie-urzadzen-grzewczych-na-paliwa-stale-ciekle-i-gazowe-2010-2024-768x543.jpg 768w, https:\/\/www.zelazkow.pl\/wp-content\/uploads\/2025\/09\/przypuszczalna-przyczyna-pozarow-w-zakresie-urzadzen-grzewczych-na-paliwa-stale-ciekle-i-gazowe-2010-2024-275x195.jpg 275w, https:\/\/www.zelazkow.pl\/wp-content\/uploads\/2025\/09\/przypuszczalna-przyczyna-pozarow-w-zakresie-urzadzen-grzewczych-na-paliwa-stale-ciekle-i-gazowe-2010-2024-340x240.jpg 340w, https:\/\/www.zelazkow.pl\/wp-content\/uploads\/2025\/09\/przypuszczalna-przyczyna-pozarow-w-zakresie-urzadzen-grzewczych-na-paliwa-stale-ciekle-i-gazowe-2010-2024.jpg 1287w\" sizes=\"(max-width: 1024px) 100vw, 1024px\" \/>\t\t\t\t\t\t\t\t\t\t\t\t\t\t\t<\/div>\n\t\t\t\t<\/div>\n\t\t\t\t\t<\/div>\n\t\t<\/div>\n\t\t\t\t\t\t\t<\/div>\n\t\t<\/section>\n\t\t\t\t\t\t\t<\/div>\n\t\t","protected":false},"excerpt":{"rendered":"<p>Poni\u017cej do pobrania Komunikat do w\u0142a\u015bcicieli i zarz\u0105dc\u00f3w budynk\u00f3w w zwi\u0105zku z rozpocz\u0119ciem sezonu grzewczego 2025\/2026 Komunikat &#8211; \/pobierz\/<\/p>\n","protected":false},"author":9,"featured_media":10634,"comment_status":"closed","ping_status":"closed","sticky":false,"template":"","format":"standard","meta":{"footnotes":""},"categories":[23,25],"tags":[],"post_folder":[],"_links":{"self":[{"href":"https:\/\/www.zelazkow.pl\/index.php?rest_route=\/wp\/v2\/posts\/10624"}],"collection":[{"href":"https:\/\/www.zelazkow.pl\/index.php?rest_route=\/wp\/v2\/posts"}],"about":[{"href":"https:\/\/www.zelazkow.pl\/index.php?rest_route=\/wp\/v2\/types\/post"}],"author":[{"embeddable":true,"href":"https:\/\/www.zelazkow.pl\/index.php?rest_route=\/wp\/v2\/users\/9"}],"replies":[{"embeddable":true,"href":"https:\/\/www.zelazkow.pl\/index.php?rest_route=%2Fwp%2Fv2%2Fcomments&post=10624"}],"version-history":[{"count":5,"href":"https:\/\/www.zelazkow.pl\/index.php?rest_route=\/wp\/v2\/posts\/10624\/revisions"}],"predecessor-version":[{"id":10635,"href":"https:\/\/www.zelazkow.pl\/index.php?rest_route=\/wp\/v2\/posts\/10624\/revisions\/10635"}],"wp:featuredmedia":[{"embeddable":true,"href":"https:\/\/www.zelazkow.pl\/index.php?rest_route=\/wp\/v2\/media\/10634"}],"wp:attachment":[{"href":"https:\/\/www.zelazkow.pl\/index.php?rest_route=%2Fwp%2Fv2%2Fmedia&parent=10624"}],"wp:term":[{"taxonomy":"category","embeddable":true,"href":"https:\/\/www.zelazkow.pl\/index.php?rest_route=%2Fwp%2Fv2%2Fcategories&post=10624"},{"taxonomy":"post_tag","embeddable":true,"href":"https:\/\/www.zelazkow.pl\/index.php?rest_route=%2Fwp%2Fv2%2Ftags&post=10624"},{"taxonomy":"post_folder","embeddable":true,"href":"https:\/\/www.zelazkow.pl\/index.php?rest_route=%2Fwp%2Fv2%2Fpost_folder&post=10624"}],"curies":[{"name":"wp","href":"https:\/\/api.w.org\/{rel}","templated":true}]}}